{"id":9338,"date":"2022-03-01T22:11:42","date_gmt":"2022-03-01T22:11:42","guid":{"rendered":"https:\/\/fmdelpueblo.ar\/?p=9338"},"modified":"2022-03-01T22:11:42","modified_gmt":"2022-03-01T22:11:42","slug":"escuelas-en-la-provincia-de-buenos-aires-presencialidad-y-desafios","status":"publish","type":"post","link":"http:\/\/fmdelpueblo.ar\/?p=9338","title":{"rendered":"Escuelas en la provincia de Buenos Aires: presencialidad y desaf\u00edos"},"content":{"rendered":"<\/p>\n<p>Despu\u00e9s de dos a\u00f1os pr\u00e1cticamente sin clases presenciales hay que celebrar esta vuelta a las aulas, pero sin perder de vista la enorme complejidad que tenemos que enfrentar en materia educativa. <a href=\"https:\/\/www.perfil.com\/noticias\/opinion\/maximiliano-abad-escuelas-en-provincia-presencialidad-y-desafios.phtml\">Leer m\u00e1s<\/a><\/p>\n","protected":false},"excerpt":{"rendered":"<p>Despu\u00e9s de dos a\u00f1os pr\u00e1cticamente sin clases presenciales hay que celebrar esta vuelta a las aulas, pero sin perder de vista la enorme complejidad que tenemos que enfrentar en materia educativa. Leer m\u00e1s<\/p>\n","protected":false},"author":0,"featured_media":0,"comment_status":"","ping_status":"","sticky":false,"template":"","format":"standard","meta":{"footnotes":""},"categories":[1],"tags":[],"class_list":["post-9338","post","type-post","status-publish","format-standard","hentry","category-sin-categoria"],"_links":{"self":[{"href":"http:\/\/fmdelpueblo.ar\/index.php?rest_route=\/wp\/v2\/posts\/9338","targetHints":{"allow":["GET"]}}],"collection":[{"href":"http:\/\/fmdelpueblo.ar\/index.php?rest_route=\/wp\/v2\/posts"}],"about":[{"href":"http:\/\/fmdelpueblo.ar\/index.php?rest_route=\/wp\/v2\/types\/post"}],"replies":[{"embeddable":true,"href":"http:\/\/fmdelpueblo.ar\/index.php?rest_route=%2Fwp%2Fv2%2Fcomments&post=9338"}],"version-history":[{"count":0,"href":"http:\/\/fmdelpueblo.ar\/index.php?rest_route=\/wp\/v2\/posts\/9338\/revisions"}],"wp:attachment":[{"href":"http:\/\/fmdelpueblo.ar\/index.php?rest_route=%2Fwp%2Fv2%2Fmedia&parent=9338"}],"wp:term":[{"taxonomy":"category","embeddable":true,"href":"http:\/\/fmdelpueblo.ar\/index.php?rest_route=%2Fwp%2Fv2%2Fcategories&post=9338"},{"taxonomy":"post_tag","embeddable":true,"href":"http:\/\/fmdelpueblo.ar\/index.php?rest_route=%2Fwp%2Fv2%2Ftags&post=9338"}],"curies":[{"name":"wp","href":"https:\/\/api.w.org\/{rel}","templated":true}]}}