{"id":593,"date":"2021-11-01T14:40:41","date_gmt":"2021-11-01T14:40:41","guid":{"rendered":"https:\/\/fmdelpueblo.ar\/?p=593"},"modified":"2021-11-01T14:40:41","modified_gmt":"2021-11-01T14:40:41","slug":"choque-multiple-de-cuatro-vehiculos-en-panamericana-hay-al-menos-17-heridos","status":"publish","type":"post","link":"http:\/\/fmdelpueblo.ar\/?p=593","title":{"rendered":"Choque m\u00faltiple de cuatro veh\u00edculos en Panamericana: hay al menos 17 heridos"},"content":{"rendered":"<\/p>\n<p>El incidente ocurri\u00f3 en el kil\u00f3metro 72 del ramal Campana y se habr\u00eda iniciado por una moto detenida. <a href=\"https:\/\/www.perfil.com\/noticias\/actualidad\/choque-multiple-de-cuatro-vehiculos-en-panamericana-hay-al-menos-17-heridos.phtml\">Leer m\u00e1s<\/a><\/p>\n","protected":false},"excerpt":{"rendered":"<p>El incidente ocurri\u00f3 en el kil\u00f3metro 72 del ramal Campana y se habr\u00eda iniciado por una moto detenida. Leer m\u00e1s<\/p>\n","protected":false},"author":0,"featured_media":0,"comment_status":"","ping_status":"","sticky":false,"template":"","format":"standard","meta":{"footnotes":""},"categories":[1],"tags":[],"class_list":["post-593","post","type-post","status-publish","format-standard","hentry","category-sin-categoria"],"_links":{"self":[{"href":"http:\/\/fmdelpueblo.ar\/index.php?rest_route=\/wp\/v2\/posts\/593","targetHints":{"allow":["GET"]}}],"collection":[{"href":"http:\/\/fmdelpueblo.ar\/index.php?rest_route=\/wp\/v2\/posts"}],"about":[{"href":"http:\/\/fmdelpueblo.ar\/index.php?rest_route=\/wp\/v2\/types\/post"}],"replies":[{"embeddable":true,"href":"http:\/\/fmdelpueblo.ar\/index.php?rest_route=%2Fwp%2Fv2%2Fcomments&post=593"}],"version-history":[{"count":0,"href":"http:\/\/fmdelpueblo.ar\/index.php?rest_route=\/wp\/v2\/posts\/593\/revisions"}],"wp:attachment":[{"href":"http:\/\/fmdelpueblo.ar\/index.php?rest_route=%2Fwp%2Fv2%2Fmedia&parent=593"}],"wp:term":[{"taxonomy":"category","embeddable":true,"href":"http:\/\/fmdelpueblo.ar\/index.php?rest_route=%2Fwp%2Fv2%2Fcategories&post=593"},{"taxonomy":"post_tag","embeddable":true,"href":"http:\/\/fmdelpueblo.ar\/index.php?rest_route=%2Fwp%2Fv2%2Ftags&post=593"}],"curies":[{"name":"wp","href":"https:\/\/api.w.org\/{rel}","templated":true}]}}