{"id":592,"date":"2021-11-01T14:40:41","date_gmt":"2021-11-01T14:40:41","guid":{"rendered":"https:\/\/fmdelpueblo.ar\/?p=592"},"modified":"2021-11-01T14:40:41","modified_gmt":"2021-11-01T14:40:41","slug":"el-parque-nacional-ibera-sumo-45-617-hectareas","status":"publish","type":"post","link":"http:\/\/fmdelpueblo.ar\/?p=592","title":{"rendered":"El Parque Nacional Iber\u00e1 sum\u00f3 45.617 hect\u00e1reas"},"content":{"rendered":"<\/p>\n<p>Es producto de tierras fiscales que fueron cedidas por el gobierno de Corrientes y de otras donadas por Fundaci\u00f3n Rewilding con el objetivo de proteger a las especies en peligro de extinci\u00f3n e incrementar el ecoturismo en la regi\u00f3n. \u00bfQu\u00e9 superficie tendr\u00e1?<br \/>\n <a href=\"https:\/\/www.perfil.com\/noticias\/actualidad\/el-parque-nacional-ibera-sumo-45617-hectareas.phtml\">Leer m\u00e1s<\/a><\/p>\n","protected":false},"excerpt":{"rendered":"<p>Es producto de tierras fiscales que fueron cedidas por el gobierno de Corrientes y de otras donadas por Fundaci\u00f3n Rewilding con el objetivo de proteger a las especies en peligro de extinci\u00f3n e incrementar el ecoturismo en la regi\u00f3n. \u00bfQu\u00e9 superficie tendr\u00e1? Leer m\u00e1s<\/p>\n","protected":false},"author":0,"featured_media":0,"comment_status":"","ping_status":"","sticky":false,"template":"","format":"standard","meta":{"footnotes":""},"categories":[1],"tags":[],"class_list":["post-592","post","type-post","status-publish","format-standard","hentry","category-sin-categoria"],"_links":{"self":[{"href":"http:\/\/fmdelpueblo.ar\/index.php?rest_route=\/wp\/v2\/posts\/592","targetHints":{"allow":["GET"]}}],"collection":[{"href":"http:\/\/fmdelpueblo.ar\/index.php?rest_route=\/wp\/v2\/posts"}],"about":[{"href":"http:\/\/fmdelpueblo.ar\/index.php?rest_route=\/wp\/v2\/types\/post"}],"replies":[{"embeddable":true,"href":"http:\/\/fmdelpueblo.ar\/index.php?rest_route=%2Fwp%2Fv2%2Fcomments&post=592"}],"version-history":[{"count":0,"href":"http:\/\/fmdelpueblo.ar\/index.php?rest_route=\/wp\/v2\/posts\/592\/revisions"}],"wp:attachment":[{"href":"http:\/\/fmdelpueblo.ar\/index.php?rest_route=%2Fwp%2Fv2%2Fmedia&parent=592"}],"wp:term":[{"taxonomy":"category","embeddable":true,"href":"http:\/\/fmdelpueblo.ar\/index.php?rest_route=%2Fwp%2Fv2%2Fcategories&post=592"},{"taxonomy":"post_tag","embeddable":true,"href":"http:\/\/fmdelpueblo.ar\/index.php?rest_route=%2Fwp%2Fv2%2Ftags&post=592"}],"curies":[{"name":"wp","href":"https:\/\/api.w.org\/{rel}","templated":true}]}}