{"id":591,"date":"2021-11-01T13:30:05","date_gmt":"2021-11-01T13:30:05","guid":{"rendered":"https:\/\/fmdelpueblo.ar\/?p=591"},"modified":"2021-11-01T13:30:05","modified_gmt":"2021-11-01T13:30:05","slug":"fuego-y-destruccion-se-incendio-una-maderera-en-caseros-y-cubrio-las-calles-de-humo","status":"publish","type":"post","link":"http:\/\/fmdelpueblo.ar\/?p=591","title":{"rendered":"Fuego y destrucci\u00f3n: se incendi\u00f3 una maderera en Caseros y cubri\u00f3 las calles de humo"},"content":{"rendered":"<\/p>\n<p>El incendio sucedi\u00f3 en la tarde de este domingo y estuvo activo durante varias horas. Hasta all\u00ed llegaron dotaciones bomberos de diferentes lugares para sofocar las llamas. <a href=\"https:\/\/www.perfil.com\/noticias\/sociedad\/fuego-y-destruccion-se-incendio-una-maderera-en-caseros-y-cubrio-las-calles-de-humo.phtml\">Leer m\u00e1s<\/a><\/p>\n","protected":false},"excerpt":{"rendered":"<p>El incendio sucedi\u00f3 en la tarde de este domingo y estuvo activo durante varias horas. Hasta all\u00ed llegaron dotaciones bomberos de diferentes lugares para sofocar las llamas. Leer m\u00e1s<\/p>\n","protected":false},"author":0,"featured_media":0,"comment_status":"","ping_status":"","sticky":false,"template":"","format":"standard","meta":{"footnotes":""},"categories":[1],"tags":[],"class_list":["post-591","post","type-post","status-publish","format-standard","hentry","category-sin-categoria"],"_links":{"self":[{"href":"http:\/\/fmdelpueblo.ar\/index.php?rest_route=\/wp\/v2\/posts\/591","targetHints":{"allow":["GET"]}}],"collection":[{"href":"http:\/\/fmdelpueblo.ar\/index.php?rest_route=\/wp\/v2\/posts"}],"about":[{"href":"http:\/\/fmdelpueblo.ar\/index.php?rest_route=\/wp\/v2\/types\/post"}],"replies":[{"embeddable":true,"href":"http:\/\/fmdelpueblo.ar\/index.php?rest_route=%2Fwp%2Fv2%2Fcomments&post=591"}],"version-history":[{"count":0,"href":"http:\/\/fmdelpueblo.ar\/index.php?rest_route=\/wp\/v2\/posts\/591\/revisions"}],"wp:attachment":[{"href":"http:\/\/fmdelpueblo.ar\/index.php?rest_route=%2Fwp%2Fv2%2Fmedia&parent=591"}],"wp:term":[{"taxonomy":"category","embeddable":true,"href":"http:\/\/fmdelpueblo.ar\/index.php?rest_route=%2Fwp%2Fv2%2Fcategories&post=591"},{"taxonomy":"post_tag","embeddable":true,"href":"http:\/\/fmdelpueblo.ar\/index.php?rest_route=%2Fwp%2Fv2%2Ftags&post=591"}],"curies":[{"name":"wp","href":"https:\/\/api.w.org\/{rel}","templated":true}]}}