{"id":590,"date":"2021-11-01T13:30:05","date_gmt":"2021-11-01T13:30:05","guid":{"rendered":"https:\/\/fmdelpueblo.ar\/?p=590"},"modified":"2021-11-01T13:30:05","modified_gmt":"2021-11-01T13:30:05","slug":"cambio-climatico-alberto-fernandez-ya-participa-de-la-cumbre-de-lideres-del-cop26","status":"publish","type":"post","link":"http:\/\/fmdelpueblo.ar\/?p=590","title":{"rendered":"Cambio Clim\u00e1tico: Alberto Fern\u00e1ndez ya participa de la Cumbre de L\u00edderes del COP26"},"content":{"rendered":"<\/p>\n<p>El Presidente comenz\u00f3 hoy su participaci\u00f3n en la Cumbre de L\u00edderes de la 26\u00aa Conferencia de las Partes en la Convenci\u00f3n Marco de las Naciones Unidas sobre el Cambio Clim\u00e1tico (COP26), que se extender\u00e1 hasta ma\u00f1ana en la ciudad escocesa de Glasgow. <a href=\"https:\/\/www.perfil.com\/noticias\/actualidad\/cambio-climatico-alberto-fernandez-ya-participa-de-la-cumbre-de-lideres-del-cop26.phtml\">Leer m\u00e1s<\/a><\/p>\n","protected":false},"excerpt":{"rendered":"<p>El Presidente comenz\u00f3 hoy su participaci\u00f3n en la Cumbre de L\u00edderes de la 26\u00aa Conferencia de las Partes en la Convenci\u00f3n Marco de las Naciones Unidas sobre el Cambio Clim\u00e1tico (COP26), que se extender\u00e1 hasta ma\u00f1ana en la ciudad escocesa de Glasgow. Leer m\u00e1s<\/p>\n","protected":false},"author":0,"featured_media":0,"comment_status":"","ping_status":"","sticky":false,"template":"","format":"standard","meta":{"footnotes":""},"categories":[1],"tags":[],"class_list":["post-590","post","type-post","status-publish","format-standard","hentry","category-sin-categoria"],"_links":{"self":[{"href":"http:\/\/fmdelpueblo.ar\/index.php?rest_route=\/wp\/v2\/posts\/590","targetHints":{"allow":["GET"]}}],"collection":[{"href":"http:\/\/fmdelpueblo.ar\/index.php?rest_route=\/wp\/v2\/posts"}],"about":[{"href":"http:\/\/fmdelpueblo.ar\/index.php?rest_route=\/wp\/v2\/types\/post"}],"replies":[{"embeddable":true,"href":"http:\/\/fmdelpueblo.ar\/index.php?rest_route=%2Fwp%2Fv2%2Fcomments&post=590"}],"version-history":[{"count":0,"href":"http:\/\/fmdelpueblo.ar\/index.php?rest_route=\/wp\/v2\/posts\/590\/revisions"}],"wp:attachment":[{"href":"http:\/\/fmdelpueblo.ar\/index.php?rest_route=%2Fwp%2Fv2%2Fmedia&parent=590"}],"wp:term":[{"taxonomy":"category","embeddable":true,"href":"http:\/\/fmdelpueblo.ar\/index.php?rest_route=%2Fwp%2Fv2%2Fcategories&post=590"},{"taxonomy":"post_tag","embeddable":true,"href":"http:\/\/fmdelpueblo.ar\/index.php?rest_route=%2Fwp%2Fv2%2Ftags&post=590"}],"curies":[{"name":"wp","href":"https:\/\/api.w.org\/{rel}","templated":true}]}}