{"id":586,"date":"2021-11-01T13:30:05","date_gmt":"2021-11-01T13:30:05","guid":{"rendered":"https:\/\/fmdelpueblo.ar\/?p=586"},"modified":"2021-11-01T13:30:05","modified_gmt":"2021-11-01T13:30:05","slug":"calendario-anses-noviembre-fechas-de-cobro-de-auh-aue-jubilaciones-y-pensiones","status":"publish","type":"post","link":"http:\/\/fmdelpueblo.ar\/?p=586","title":{"rendered":"Calendario Anses noviembre: Fechas de cobro de AUH, AUE, jubilaciones y pensiones"},"content":{"rendered":"<\/p>\n<p>La Administraci\u00f3n Nacional de Seguridad Social dio en detalle las fechas para ir a cobrar. Entr\u00e1 y fijate cu\u00e1ndo te corresponde. <a href=\"https:\/\/www.perfil.com\/noticias\/economia\/calendario-anses-noviembre-fechas-de-cobro-de-auh-aue-jubilaciones-y-pensiones.phtml\">Leer m\u00e1s<\/a><\/p>\n","protected":false},"excerpt":{"rendered":"<p>La Administraci\u00f3n Nacional de Seguridad Social dio en detalle las fechas para ir a cobrar. Entr\u00e1 y fijate cu\u00e1ndo te corresponde. Leer m\u00e1s<\/p>\n","protected":false},"author":0,"featured_media":0,"comment_status":"","ping_status":"","sticky":false,"template":"","format":"standard","meta":{"footnotes":""},"categories":[1],"tags":[],"class_list":["post-586","post","type-post","status-publish","format-standard","hentry","category-sin-categoria"],"_links":{"self":[{"href":"http:\/\/fmdelpueblo.ar\/index.php?rest_route=\/wp\/v2\/posts\/586","targetHints":{"allow":["GET"]}}],"collection":[{"href":"http:\/\/fmdelpueblo.ar\/index.php?rest_route=\/wp\/v2\/posts"}],"about":[{"href":"http:\/\/fmdelpueblo.ar\/index.php?rest_route=\/wp\/v2\/types\/post"}],"replies":[{"embeddable":true,"href":"http:\/\/fmdelpueblo.ar\/index.php?rest_route=%2Fwp%2Fv2%2Fcomments&post=586"}],"version-history":[{"count":0,"href":"http:\/\/fmdelpueblo.ar\/index.php?rest_route=\/wp\/v2\/posts\/586\/revisions"}],"wp:attachment":[{"href":"http:\/\/fmdelpueblo.ar\/index.php?rest_route=%2Fwp%2Fv2%2Fmedia&parent=586"}],"wp:term":[{"taxonomy":"category","embeddable":true,"href":"http:\/\/fmdelpueblo.ar\/index.php?rest_route=%2Fwp%2Fv2%2Fcategories&post=586"},{"taxonomy":"post_tag","embeddable":true,"href":"http:\/\/fmdelpueblo.ar\/index.php?rest_route=%2Fwp%2Fv2%2Ftags&post=586"}],"curies":[{"name":"wp","href":"https:\/\/api.w.org\/{rel}","templated":true}]}}