{"id":583,"date":"2021-11-01T11:26:45","date_gmt":"2021-11-01T11:26:45","guid":{"rendered":"https:\/\/fmdelpueblo.ar\/?p=583"},"modified":"2021-11-01T11:26:45","modified_gmt":"2021-11-01T11:26:45","slug":"el-veganismo-podria-reducir-el-hambre-en-el-mundo","status":"publish","type":"post","link":"http:\/\/fmdelpueblo.ar\/?p=583","title":{"rendered":"El veganismo podr\u00eda reducir el hambre en el mundo"},"content":{"rendered":"<\/p>\n<p>Seg\u00fan la organizaci\u00f3n internacional Million Dollar Vegan, el veganismo protege el ambiente, evita la propagaci\u00f3n de zoonosis, hace justicia por los derechos animales, provee alimentos de calidad y es econ\u00f3micamente m\u00e1s ventajosa. <a href=\"https:\/\/www.perfil.com\/noticias\/actualidad\/el-veganismo-podria-reducir-el-hambre-en-el-mundo.phtml\">Leer m\u00e1s<\/a><\/p>\n","protected":false},"excerpt":{"rendered":"<p>Seg\u00fan la organizaci\u00f3n internacional Million Dollar Vegan, el veganismo protege el ambiente, evita la propagaci\u00f3n de zoonosis, hace justicia por los derechos animales, provee alimentos de calidad y es econ\u00f3micamente m\u00e1s ventajosa. Leer m\u00e1s<\/p>\n","protected":false},"author":0,"featured_media":0,"comment_status":"","ping_status":"","sticky":false,"template":"","format":"standard","meta":{"footnotes":""},"categories":[1],"tags":[],"class_list":["post-583","post","type-post","status-publish","format-standard","hentry","category-sin-categoria"],"_links":{"self":[{"href":"http:\/\/fmdelpueblo.ar\/index.php?rest_route=\/wp\/v2\/posts\/583","targetHints":{"allow":["GET"]}}],"collection":[{"href":"http:\/\/fmdelpueblo.ar\/index.php?rest_route=\/wp\/v2\/posts"}],"about":[{"href":"http:\/\/fmdelpueblo.ar\/index.php?rest_route=\/wp\/v2\/types\/post"}],"replies":[{"embeddable":true,"href":"http:\/\/fmdelpueblo.ar\/index.php?rest_route=%2Fwp%2Fv2%2Fcomments&post=583"}],"version-history":[{"count":0,"href":"http:\/\/fmdelpueblo.ar\/index.php?rest_route=\/wp\/v2\/posts\/583\/revisions"}],"wp:attachment":[{"href":"http:\/\/fmdelpueblo.ar\/index.php?rest_route=%2Fwp%2Fv2%2Fmedia&parent=583"}],"wp:term":[{"taxonomy":"category","embeddable":true,"href":"http:\/\/fmdelpueblo.ar\/index.php?rest_route=%2Fwp%2Fv2%2Fcategories&post=583"},{"taxonomy":"post_tag","embeddable":true,"href":"http:\/\/fmdelpueblo.ar\/index.php?rest_route=%2Fwp%2Fv2%2Ftags&post=583"}],"curies":[{"name":"wp","href":"https:\/\/api.w.org\/{rel}","templated":true}]}}