{"id":582,"date":"2021-11-01T10:09:37","date_gmt":"2021-11-01T10:09:37","guid":{"rendered":"http:\/\/fmdelpueblo.ar\/?p=582"},"modified":"2021-11-01T10:09:37","modified_gmt":"2021-11-01T10:09:37","slug":"horacio-rodriguez-larreta-rechazo-el-dialogo-con-el-gobierno-no-veo-ninguna-posibilidad-de-ponernos-de-acuerdo","status":"publish","type":"post","link":"http:\/\/fmdelpueblo.ar\/?p=582","title":{"rendered":"Horacio Rodr\u00edguez Larreta rechaz\u00f3 el di\u00e1logo con el gobierno: \u00abNo veo ninguna posibilidad de ponernos de acuerdo\u201d"},"content":{"rendered":"<\/p>\n<p>El jefe de Gobierno porte\u00f1o cuestion\u00f3 al gobierno nacional y tambi\u00e9n neg\u00f3 que se esconda a Mauricio Macri en la campa\u00f1a. \u00abEs miembro de la mesa de Juntos por el Cambio y parte activa\u201d, expres\u00f3.<br \/>\n <a href=\"https:\/\/www.perfil.com\/noticias\/politica\/horacio-rodriguez-larreta-nego-un-dialogo-con-el-gobierno-no-veo-ninguna-posibilidad-de-ponernos-de-acuerdo.phtml\">Leer m\u00e1s<\/a><\/p>\n","protected":false},"excerpt":{"rendered":"<p>El jefe de Gobierno porte\u00f1o cuestion\u00f3 al gobierno nacional y tambi\u00e9n neg\u00f3 que se esconda a Mauricio Macri en la campa\u00f1a. \u00abEs miembro de la mesa de Juntos por el Cambio y parte activa\u201d, expres\u00f3. Leer m\u00e1s<\/p>\n","protected":false},"author":0,"featured_media":0,"comment_status":"","ping_status":"","sticky":false,"template":"","format":"standard","meta":{"footnotes":""},"categories":[1],"tags":[],"class_list":["post-582","post","type-post","status-publish","format-standard","hentry","category-sin-categoria"],"_links":{"self":[{"href":"http:\/\/fmdelpueblo.ar\/index.php?rest_route=\/wp\/v2\/posts\/582","targetHints":{"allow":["GET"]}}],"collection":[{"href":"http:\/\/fmdelpueblo.ar\/index.php?rest_route=\/wp\/v2\/posts"}],"about":[{"href":"http:\/\/fmdelpueblo.ar\/index.php?rest_route=\/wp\/v2\/types\/post"}],"replies":[{"embeddable":true,"href":"http:\/\/fmdelpueblo.ar\/index.php?rest_route=%2Fwp%2Fv2%2Fcomments&post=582"}],"version-history":[{"count":0,"href":"http:\/\/fmdelpueblo.ar\/index.php?rest_route=\/wp\/v2\/posts\/582\/revisions"}],"wp:attachment":[{"href":"http:\/\/fmdelpueblo.ar\/index.php?rest_route=%2Fwp%2Fv2%2Fmedia&parent=582"}],"wp:term":[{"taxonomy":"category","embeddable":true,"href":"http:\/\/fmdelpueblo.ar\/index.php?rest_route=%2Fwp%2Fv2%2Fcategories&post=582"},{"taxonomy":"post_tag","embeddable":true,"href":"http:\/\/fmdelpueblo.ar\/index.php?rest_route=%2Fwp%2Fv2%2Ftags&post=582"}],"curies":[{"name":"wp","href":"https:\/\/api.w.org\/{rel}","templated":true}]}}