{"id":581,"date":"2021-11-01T10:09:37","date_gmt":"2021-11-01T10:09:37","guid":{"rendered":"http:\/\/fmdelpueblo.ar\/?p=581"},"modified":"2021-11-01T10:09:37","modified_gmt":"2021-11-01T10:09:37","slug":"aumenta-el-uso-de-tarjetas-de-credito-y-se-consolida-la-expansion-del-debito","status":"publish","type":"post","link":"http:\/\/fmdelpueblo.ar\/?p=581","title":{"rendered":"Aumenta el uso de tarjetas de cr\u00e9dito y se consolida la expansi\u00f3n del d\u00e9bito"},"content":{"rendered":"<\/p>\n<p>El \u00cdndice Prisma Medios de Pago revel\u00f3 un leve repunte del cr\u00e9dito en el tercer trimestre del a\u00f1o, impulsado por los Planes Ahora. Por primera vez, se usa m\u00e1s d\u00e9bito para pagos que para extraer dinero en cajeros. <a href=\"https:\/\/www.perfil.com\/noticias\/economia\/aumenta-el-uso-de-tarjetas-de-credito-y-se-consolida-la-expansion-del-debito.phtml\">Leer m\u00e1s<\/a><\/p>\n","protected":false},"excerpt":{"rendered":"<p>El \u00cdndice Prisma Medios de Pago revel\u00f3 un leve repunte del cr\u00e9dito en el tercer trimestre del a\u00f1o, impulsado por los Planes Ahora. Por primera vez, se usa m\u00e1s d\u00e9bito para pagos que para extraer dinero en cajeros. Leer m\u00e1s<\/p>\n","protected":false},"author":0,"featured_media":0,"comment_status":"","ping_status":"","sticky":false,"template":"","format":"standard","meta":{"footnotes":""},"categories":[1],"tags":[],"class_list":["post-581","post","type-post","status-publish","format-standard","hentry","category-sin-categoria"],"_links":{"self":[{"href":"http:\/\/fmdelpueblo.ar\/index.php?rest_route=\/wp\/v2\/posts\/581","targetHints":{"allow":["GET"]}}],"collection":[{"href":"http:\/\/fmdelpueblo.ar\/index.php?rest_route=\/wp\/v2\/posts"}],"about":[{"href":"http:\/\/fmdelpueblo.ar\/index.php?rest_route=\/wp\/v2\/types\/post"}],"replies":[{"embeddable":true,"href":"http:\/\/fmdelpueblo.ar\/index.php?rest_route=%2Fwp%2Fv2%2Fcomments&post=581"}],"version-history":[{"count":0,"href":"http:\/\/fmdelpueblo.ar\/index.php?rest_route=\/wp\/v2\/posts\/581\/revisions"}],"wp:attachment":[{"href":"http:\/\/fmdelpueblo.ar\/index.php?rest_route=%2Fwp%2Fv2%2Fmedia&parent=581"}],"wp:term":[{"taxonomy":"category","embeddable":true,"href":"http:\/\/fmdelpueblo.ar\/index.php?rest_route=%2Fwp%2Fv2%2Fcategories&post=581"},{"taxonomy":"post_tag","embeddable":true,"href":"http:\/\/fmdelpueblo.ar\/index.php?rest_route=%2Fwp%2Fv2%2Ftags&post=581"}],"curies":[{"name":"wp","href":"https:\/\/api.w.org\/{rel}","templated":true}]}}