{"id":577,"date":"2021-11-01T06:13:12","date_gmt":"2021-11-01T06:13:12","guid":{"rendered":"https:\/\/fmdelpueblo.ar\/?p=577"},"modified":"2021-11-01T06:13:12","modified_gmt":"2021-11-01T06:13:12","slug":"quien-fue-carlos-saavedra-lamas-primer-argentino-premiado-con-un-nobel-de-la-paz","status":"publish","type":"post","link":"http:\/\/fmdelpueblo.ar\/?p=577","title":{"rendered":"Qui\u00e9n fue Carlos Saavedra Lamas, primer argentino premiado con un Nobel de la Paz"},"content":{"rendered":"<\/p>\n<p>El ex diplom\u00e1tico y pol\u00edtico argentino tuvo un rol clave al impulsar un pacto antib\u00e9lico que firmaron 21 naciones. Su gesti\u00f3n como canciller es considerada una de las m\u00e1s relevantes. Recordamos su trayectoria a m\u00e1s de 140 a\u00f1os de su nacimiento. <a href=\"https:\/\/www.perfil.com\/noticias\/cultura\/por-que-carlos-saavedra-lamas-fue-el-primer-argentino-premiado-con-un-nobel-de-la-paz.phtml\">Leer m\u00e1s<\/a><\/p>\n","protected":false},"excerpt":{"rendered":"<p>El ex diplom\u00e1tico y pol\u00edtico argentino tuvo un rol clave al impulsar un pacto antib\u00e9lico que firmaron 21 naciones. Su gesti\u00f3n como canciller es considerada una de las m\u00e1s relevantes. Recordamos su trayectoria a m\u00e1s de 140 a\u00f1os de su nacimiento. Leer m\u00e1s<\/p>\n","protected":false},"author":0,"featured_media":0,"comment_status":"","ping_status":"","sticky":false,"template":"","format":"standard","meta":{"footnotes":""},"categories":[1],"tags":[],"class_list":["post-577","post","type-post","status-publish","format-standard","hentry","category-sin-categoria"],"_links":{"self":[{"href":"http:\/\/fmdelpueblo.ar\/index.php?rest_route=\/wp\/v2\/posts\/577","targetHints":{"allow":["GET"]}}],"collection":[{"href":"http:\/\/fmdelpueblo.ar\/index.php?rest_route=\/wp\/v2\/posts"}],"about":[{"href":"http:\/\/fmdelpueblo.ar\/index.php?rest_route=\/wp\/v2\/types\/post"}],"replies":[{"embeddable":true,"href":"http:\/\/fmdelpueblo.ar\/index.php?rest_route=%2Fwp%2Fv2%2Fcomments&post=577"}],"version-history":[{"count":0,"href":"http:\/\/fmdelpueblo.ar\/index.php?rest_route=\/wp\/v2\/posts\/577\/revisions"}],"wp:attachment":[{"href":"http:\/\/fmdelpueblo.ar\/index.php?rest_route=%2Fwp%2Fv2%2Fmedia&parent=577"}],"wp:term":[{"taxonomy":"category","embeddable":true,"href":"http:\/\/fmdelpueblo.ar\/index.php?rest_route=%2Fwp%2Fv2%2Fcategories&post=577"},{"taxonomy":"post_tag","embeddable":true,"href":"http:\/\/fmdelpueblo.ar\/index.php?rest_route=%2Fwp%2Fv2%2Ftags&post=577"}],"curies":[{"name":"wp","href":"https:\/\/api.w.org\/{rel}","templated":true}]}}