{"id":576,"date":"2021-11-01T06:13:12","date_gmt":"2021-11-01T06:13:12","guid":{"rendered":"https:\/\/fmdelpueblo.ar\/?p=576"},"modified":"2021-11-01T06:13:12","modified_gmt":"2021-11-01T06:13:12","slug":"ara-san-juan-mauricio-macri-recibio-el-apoyo-de-24-expresidentes-en-la-causa-por-espionaje","status":"publish","type":"post","link":"http:\/\/fmdelpueblo.ar\/?p=576","title":{"rendered":"ARA San Juan: Mauricio Macri recibi\u00f3 el apoyo de 24 expresidentes en la causa por espionaje"},"content":{"rendered":"<\/p>\n<p>Integrantes de la Iniciativa Democr\u00e1tica de Espa\u00f1a y las Am\u00e9ricas (IDEA) expresaron \u00abgrave preocupaci\u00f3n por la intempestiva indagatoria\u00bb al expresidente. Consideraron que en la investigaci\u00f3n \u00abmedian motivaciones pol\u00edticas\u00bb. <a href=\"https:\/\/www.perfil.com\/noticias\/politica\/ara-san-juan-mauricio-macri-recibio-apoyo-24-expresidentes-causa-espionaje.phtml\">Leer m\u00e1s<\/a><\/p>\n","protected":false},"excerpt":{"rendered":"<p>Integrantes de la Iniciativa Democr\u00e1tica de Espa\u00f1a y las Am\u00e9ricas (IDEA) expresaron \u00abgrave preocupaci\u00f3n por la intempestiva indagatoria\u00bb al expresidente. Consideraron que en la investigaci\u00f3n \u00abmedian motivaciones pol\u00edticas\u00bb. Leer m\u00e1s<\/p>\n","protected":false},"author":0,"featured_media":0,"comment_status":"","ping_status":"","sticky":false,"template":"","format":"standard","meta":{"footnotes":""},"categories":[1],"tags":[],"class_list":["post-576","post","type-post","status-publish","format-standard","hentry","category-sin-categoria"],"_links":{"self":[{"href":"http:\/\/fmdelpueblo.ar\/index.php?rest_route=\/wp\/v2\/posts\/576","targetHints":{"allow":["GET"]}}],"collection":[{"href":"http:\/\/fmdelpueblo.ar\/index.php?rest_route=\/wp\/v2\/posts"}],"about":[{"href":"http:\/\/fmdelpueblo.ar\/index.php?rest_route=\/wp\/v2\/types\/post"}],"replies":[{"embeddable":true,"href":"http:\/\/fmdelpueblo.ar\/index.php?rest_route=%2Fwp%2Fv2%2Fcomments&post=576"}],"version-history":[{"count":0,"href":"http:\/\/fmdelpueblo.ar\/index.php?rest_route=\/wp\/v2\/posts\/576\/revisions"}],"wp:attachment":[{"href":"http:\/\/fmdelpueblo.ar\/index.php?rest_route=%2Fwp%2Fv2%2Fmedia&parent=576"}],"wp:term":[{"taxonomy":"category","embeddable":true,"href":"http:\/\/fmdelpueblo.ar\/index.php?rest_route=%2Fwp%2Fv2%2Fcategories&post=576"},{"taxonomy":"post_tag","embeddable":true,"href":"http:\/\/fmdelpueblo.ar\/index.php?rest_route=%2Fwp%2Fv2%2Ftags&post=576"}],"curies":[{"name":"wp","href":"https:\/\/api.w.org\/{rel}","templated":true}]}}