{"id":573,"date":"2021-11-01T01:25:01","date_gmt":"2021-11-01T01:25:01","guid":{"rendered":"https:\/\/fmdelpueblo.ar\/?p=573"},"modified":"2021-11-01T01:25:01","modified_gmt":"2021-11-01T01:25:01","slug":"cormillot-cuestiono-el-etiquetado-frontal-no-es-la-mejor-opcion-ni-quisiera-se-si-es-buena","status":"publish","type":"post","link":"http:\/\/fmdelpueblo.ar\/?p=573","title":{"rendered":"Cormillot cuestion\u00f3 el etiquetado frontal: \u00abNo es la mejor opci\u00f3n, ni quisiera s\u00e9 si es buena\u00bb"},"content":{"rendered":"<\/p>\n<p>El m\u00e9dico y especialista en nutrici\u00f3n consider\u00f3 que esta norma \u00abva a dar que hablar\u00bb y que no es suficiente para cambiar los h\u00e1bitos de alimentaci\u00f3n de la poblaci\u00f3n.  <a href=\"https:\/\/www.perfil.com\/noticias\/salud\/alberto-cormillot-cuestiono-etiquetado-frontal-no-es-la-mejor-opcion-ni-quisiera-se-si-es-buena.phtml\">Leer m\u00e1s<\/a><\/p>\n","protected":false},"excerpt":{"rendered":"<p>El m\u00e9dico y especialista en nutrici\u00f3n consider\u00f3 que esta norma \u00abva a dar que hablar\u00bb y que no es suficiente para cambiar los h\u00e1bitos de alimentaci\u00f3n de la poblaci\u00f3n. Leer m\u00e1s<\/p>\n","protected":false},"author":0,"featured_media":0,"comment_status":"","ping_status":"","sticky":false,"template":"","format":"standard","meta":{"footnotes":""},"categories":[1],"tags":[],"class_list":["post-573","post","type-post","status-publish","format-standard","hentry","category-sin-categoria"],"_links":{"self":[{"href":"http:\/\/fmdelpueblo.ar\/index.php?rest_route=\/wp\/v2\/posts\/573","targetHints":{"allow":["GET"]}}],"collection":[{"href":"http:\/\/fmdelpueblo.ar\/index.php?rest_route=\/wp\/v2\/posts"}],"about":[{"href":"http:\/\/fmdelpueblo.ar\/index.php?rest_route=\/wp\/v2\/types\/post"}],"replies":[{"embeddable":true,"href":"http:\/\/fmdelpueblo.ar\/index.php?rest_route=%2Fwp%2Fv2%2Fcomments&post=573"}],"version-history":[{"count":0,"href":"http:\/\/fmdelpueblo.ar\/index.php?rest_route=\/wp\/v2\/posts\/573\/revisions"}],"wp:attachment":[{"href":"http:\/\/fmdelpueblo.ar\/index.php?rest_route=%2Fwp%2Fv2%2Fmedia&parent=573"}],"wp:term":[{"taxonomy":"category","embeddable":true,"href":"http:\/\/fmdelpueblo.ar\/index.php?rest_route=%2Fwp%2Fv2%2Fcategories&post=573"},{"taxonomy":"post_tag","embeddable":true,"href":"http:\/\/fmdelpueblo.ar\/index.php?rest_route=%2Fwp%2Fv2%2Ftags&post=573"}],"curies":[{"name":"wp","href":"https:\/\/api.w.org\/{rel}","templated":true}]}}