{"id":570,"date":"2021-11-01T01:25:00","date_gmt":"2021-11-01T01:25:00","guid":{"rendered":"https:\/\/fmdelpueblo.ar\/?p=570"},"modified":"2021-11-01T01:25:00","modified_gmt":"2021-11-01T01:25:00","slug":"fabiola-en-roma-entre-la-inauguracion-de-un-lactario-y-un-paseo-cultural-con-otras-primeras-damas","status":"publish","type":"post","link":"http:\/\/fmdelpueblo.ar\/?p=570","title":{"rendered":"Fabiola en Roma, entre la inauguraci\u00f3n de un lactario y un paseo cultural con otras primeras damas"},"content":{"rendered":"<\/p>\n<p>La primera dama tuvo una serie de actividades enfocadas en una agenda social y de g\u00e9nero durante su estad\u00eda de tres d\u00edas en la capital italiana, donde el presidente Alberto Fern\u00e1ndez particip\u00f3 de la cumbre.  <a href=\"https:\/\/www.perfil.com\/noticias\/politica\/fabiola-en-roma-entre-la-inauguracion-de-un-lactario-y-un-paseo-cultural-con-otras-primeras-damas.phtml\">Leer m\u00e1s<\/a><\/p>\n","protected":false},"excerpt":{"rendered":"<p>La primera dama tuvo una serie de actividades enfocadas en una agenda social y de g\u00e9nero durante su estad\u00eda de tres d\u00edas en la capital italiana, donde el presidente Alberto Fern\u00e1ndez particip\u00f3 de la cumbre. Leer m\u00e1s<\/p>\n","protected":false},"author":0,"featured_media":0,"comment_status":"","ping_status":"","sticky":false,"template":"","format":"standard","meta":{"footnotes":""},"categories":[1],"tags":[],"class_list":["post-570","post","type-post","status-publish","format-standard","hentry","category-sin-categoria"],"_links":{"self":[{"href":"http:\/\/fmdelpueblo.ar\/index.php?rest_route=\/wp\/v2\/posts\/570","targetHints":{"allow":["GET"]}}],"collection":[{"href":"http:\/\/fmdelpueblo.ar\/index.php?rest_route=\/wp\/v2\/posts"}],"about":[{"href":"http:\/\/fmdelpueblo.ar\/index.php?rest_route=\/wp\/v2\/types\/post"}],"replies":[{"embeddable":true,"href":"http:\/\/fmdelpueblo.ar\/index.php?rest_route=%2Fwp%2Fv2%2Fcomments&post=570"}],"version-history":[{"count":0,"href":"http:\/\/fmdelpueblo.ar\/index.php?rest_route=\/wp\/v2\/posts\/570\/revisions"}],"wp:attachment":[{"href":"http:\/\/fmdelpueblo.ar\/index.php?rest_route=%2Fwp%2Fv2%2Fmedia&parent=570"}],"wp:term":[{"taxonomy":"category","embeddable":true,"href":"http:\/\/fmdelpueblo.ar\/index.php?rest_route=%2Fwp%2Fv2%2Fcategories&post=570"},{"taxonomy":"post_tag","embeddable":true,"href":"http:\/\/fmdelpueblo.ar\/index.php?rest_route=%2Fwp%2Fv2%2Ftags&post=570"}],"curies":[{"name":"wp","href":"https:\/\/api.w.org\/{rel}","templated":true}]}}