{"id":569,"date":"2021-10-31T22:19:32","date_gmt":"2021-10-31T22:19:32","guid":{"rendered":"https:\/\/fmdelpueblo.ar\/?p=569"},"modified":"2021-10-31T22:19:32","modified_gmt":"2021-10-31T22:19:32","slug":"tras-reunirse-con-trudeau-y-el-jefe-de-la-oms-alberto-fernandez-llego-a-escocia","status":"publish","type":"post","link":"http:\/\/fmdelpueblo.ar\/?p=569","title":{"rendered":"Tras reunirse con Trudeau y el jefe de la OMS, Alberto Fern\u00e1ndez lleg\u00f3 a Escocia"},"content":{"rendered":"<\/p>\n<p>En la Conferencia de la ONU sobre Cambio Clim\u00e1tico, propondr\u00e1 \u00abposiciones importantes respecto de aumentar el compromiso que se hab\u00eda fijado sobre la reducci\u00f3n de emisiones\u00bb. El presidente tambi\u00e9n se reunir\u00e1 con los mandatarios de Costa Rica y de la Confederaci\u00f3n Suiza. <a href=\"https:\/\/www.perfil.com\/noticias\/actualidad\/tras-reunirse-con-trudeau-y-el-jefe-de-la-oms-alberto-fernandez-parte-rumbo-a-la-cop26-en-escocia.phtml\">Leer m\u00e1s<\/a><\/p>\n","protected":false},"excerpt":{"rendered":"<p>En la Conferencia de la ONU sobre Cambio Clim\u00e1tico, propondr\u00e1 \u00abposiciones importantes respecto de aumentar el compromiso que se hab\u00eda fijado sobre la reducci\u00f3n de emisiones\u00bb. El presidente tambi\u00e9n se reunir\u00e1 con los mandatarios de Costa Rica y de la Confederaci\u00f3n Suiza. Leer m\u00e1s<\/p>\n","protected":false},"author":0,"featured_media":0,"comment_status":"","ping_status":"","sticky":false,"template":"","format":"standard","meta":{"footnotes":""},"categories":[1],"tags":[],"class_list":["post-569","post","type-post","status-publish","format-standard","hentry","category-sin-categoria"],"_links":{"self":[{"href":"http:\/\/fmdelpueblo.ar\/index.php?rest_route=\/wp\/v2\/posts\/569","targetHints":{"allow":["GET"]}}],"collection":[{"href":"http:\/\/fmdelpueblo.ar\/index.php?rest_route=\/wp\/v2\/posts"}],"about":[{"href":"http:\/\/fmdelpueblo.ar\/index.php?rest_route=\/wp\/v2\/types\/post"}],"replies":[{"embeddable":true,"href":"http:\/\/fmdelpueblo.ar\/index.php?rest_route=%2Fwp%2Fv2%2Fcomments&post=569"}],"version-history":[{"count":0,"href":"http:\/\/fmdelpueblo.ar\/index.php?rest_route=\/wp\/v2\/posts\/569\/revisions"}],"wp:attachment":[{"href":"http:\/\/fmdelpueblo.ar\/index.php?rest_route=%2Fwp%2Fv2%2Fmedia&parent=569"}],"wp:term":[{"taxonomy":"category","embeddable":true,"href":"http:\/\/fmdelpueblo.ar\/index.php?rest_route=%2Fwp%2Fv2%2Fcategories&post=569"},{"taxonomy":"post_tag","embeddable":true,"href":"http:\/\/fmdelpueblo.ar\/index.php?rest_route=%2Fwp%2Fv2%2Ftags&post=569"}],"curies":[{"name":"wp","href":"https:\/\/api.w.org\/{rel}","templated":true}]}}