{"id":568,"date":"2021-10-31T22:19:32","date_gmt":"2021-10-31T22:19:32","guid":{"rendered":"https:\/\/fmdelpueblo.ar\/?p=568"},"modified":"2021-10-31T22:19:32","modified_gmt":"2021-10-31T22:19:32","slug":"cop26-los-lideres-de-un-mundo-cada-vez-mas-caliente-asisten-a-la-cumbre-del-clima","status":"publish","type":"post","link":"http:\/\/fmdelpueblo.ar\/?p=568","title":{"rendered":"COP26: los l\u00edderes de un mundo cada vez m\u00e1s caliente asisten a la cumbre del clima"},"content":{"rendered":"<\/p>\n<p>Bajo advertencias alarmistas de la ONU y de los expertos, los 196 firmantes del Acuerdo de Par\u00eds acuden a la COP26 en Glasgow con sus compromisos nacionales de reducci\u00f3n de emisiones actualizados. <a href=\"https:\/\/www.perfil.com\/noticias\/actualidad\/cop26-los-lideres-de-un-mundo-cada-vez-mas-caliente-asisten-a-la-cumbre-del-clima.phtml\">Leer m\u00e1s<\/a><\/p>\n","protected":false},"excerpt":{"rendered":"<p>Bajo advertencias alarmistas de la ONU y de los expertos, los 196 firmantes del Acuerdo de Par\u00eds acuden a la COP26 en Glasgow con sus compromisos nacionales de reducci\u00f3n de emisiones actualizados. Leer m\u00e1s<\/p>\n","protected":false},"author":0,"featured_media":0,"comment_status":"","ping_status":"","sticky":false,"template":"","format":"standard","meta":{"footnotes":""},"categories":[1],"tags":[],"class_list":["post-568","post","type-post","status-publish","format-standard","hentry","category-sin-categoria"],"_links":{"self":[{"href":"http:\/\/fmdelpueblo.ar\/index.php?rest_route=\/wp\/v2\/posts\/568","targetHints":{"allow":["GET"]}}],"collection":[{"href":"http:\/\/fmdelpueblo.ar\/index.php?rest_route=\/wp\/v2\/posts"}],"about":[{"href":"http:\/\/fmdelpueblo.ar\/index.php?rest_route=\/wp\/v2\/types\/post"}],"replies":[{"embeddable":true,"href":"http:\/\/fmdelpueblo.ar\/index.php?rest_route=%2Fwp%2Fv2%2Fcomments&post=568"}],"version-history":[{"count":0,"href":"http:\/\/fmdelpueblo.ar\/index.php?rest_route=\/wp\/v2\/posts\/568\/revisions"}],"wp:attachment":[{"href":"http:\/\/fmdelpueblo.ar\/index.php?rest_route=%2Fwp%2Fv2%2Fmedia&parent=568"}],"wp:term":[{"taxonomy":"category","embeddable":true,"href":"http:\/\/fmdelpueblo.ar\/index.php?rest_route=%2Fwp%2Fv2%2Fcategories&post=568"},{"taxonomy":"post_tag","embeddable":true,"href":"http:\/\/fmdelpueblo.ar\/index.php?rest_route=%2Fwp%2Fv2%2Ftags&post=568"}],"curies":[{"name":"wp","href":"https:\/\/api.w.org\/{rel}","templated":true}]}}