{"id":567,"date":"2021-10-31T21:22:14","date_gmt":"2021-10-31T21:22:14","guid":{"rendered":"https:\/\/fmdelpueblo.ar\/?p=567"},"modified":"2021-10-31T21:22:14","modified_gmt":"2021-10-31T21:22:14","slug":"asesino-a-bordo-preventiva-y-20-millones-de-embargo-para-el-doble-homicida-del-barco","status":"publish","type":"post","link":"http:\/\/fmdelpueblo.ar\/?p=567","title":{"rendered":"Asesino a bordo: preventiva y $ 20 millones de embargo para el doble homicida del barco"},"content":{"rendered":"<\/p>\n<p>Lo dispuso el juez Federal 3 de La Plata, Ernesto Kreplak. Carlos Eugenio Lima se hab\u00eda negado declarar y asesin\u00f3 al capit\u00e1n Alejandro Garc\u00eda y al primer oficial Juan Pegasano, dispar\u00e1ndoles en la cabeza. <a href=\"https:\/\/www.perfil.com\/noticias\/actualidad\/preventiva-y-20-millones-de-embargo-para-el-doble-asesino-del-buque-tanque.phtml\">Leer m\u00e1s<\/a><\/p>\n","protected":false},"excerpt":{"rendered":"<p>Lo dispuso el juez Federal 3 de La Plata, Ernesto Kreplak. Carlos Eugenio Lima se hab\u00eda negado declarar y asesin\u00f3 al capit\u00e1n Alejandro Garc\u00eda y al primer oficial Juan Pegasano, dispar\u00e1ndoles en la cabeza. Leer m\u00e1s<\/p>\n","protected":false},"author":0,"featured_media":0,"comment_status":"","ping_status":"","sticky":false,"template":"","format":"standard","meta":{"footnotes":""},"categories":[1],"tags":[],"class_list":["post-567","post","type-post","status-publish","format-standard","hentry","category-sin-categoria"],"_links":{"self":[{"href":"http:\/\/fmdelpueblo.ar\/index.php?rest_route=\/wp\/v2\/posts\/567","targetHints":{"allow":["GET"]}}],"collection":[{"href":"http:\/\/fmdelpueblo.ar\/index.php?rest_route=\/wp\/v2\/posts"}],"about":[{"href":"http:\/\/fmdelpueblo.ar\/index.php?rest_route=\/wp\/v2\/types\/post"}],"replies":[{"embeddable":true,"href":"http:\/\/fmdelpueblo.ar\/index.php?rest_route=%2Fwp%2Fv2%2Fcomments&post=567"}],"version-history":[{"count":0,"href":"http:\/\/fmdelpueblo.ar\/index.php?rest_route=\/wp\/v2\/posts\/567\/revisions"}],"wp:attachment":[{"href":"http:\/\/fmdelpueblo.ar\/index.php?rest_route=%2Fwp%2Fv2%2Fmedia&parent=567"}],"wp:term":[{"taxonomy":"category","embeddable":true,"href":"http:\/\/fmdelpueblo.ar\/index.php?rest_route=%2Fwp%2Fv2%2Fcategories&post=567"},{"taxonomy":"post_tag","embeddable":true,"href":"http:\/\/fmdelpueblo.ar\/index.php?rest_route=%2Fwp%2Fv2%2Ftags&post=567"}],"curies":[{"name":"wp","href":"https:\/\/api.w.org\/{rel}","templated":true}]}}