{"id":566,"date":"2021-10-31T21:22:14","date_gmt":"2021-10-31T21:22:14","guid":{"rendered":"https:\/\/fmdelpueblo.ar\/?p=566"},"modified":"2021-10-31T21:22:14","modified_gmt":"2021-10-31T21:22:14","slug":"nicolas-maduro-la-relacion-con-argentina-no-esta-mal-pero-podria-estar-mejor","status":"publish","type":"post","link":"http:\/\/fmdelpueblo.ar\/?p=566","title":{"rendered":"Nicol\u00e1s Maduro: \u00abLa relaci\u00f3n con Argentina no est\u00e1 mal, pero podr\u00eda estar mejor\u00bb"},"content":{"rendered":"<\/p>\n<p>El presidente de Venezuela dijo que tiene la intenci\u00f3n de estrechar un mejor v\u00ednculo con nuestro pa\u00eds, y critic\u00f3 la gesti\u00f3n de Mauricio Macri por el apoyo al principal opositor de su pa\u00eds, Juan Guaid\u00f3. <a href=\"https:\/\/www.perfil.com\/noticias\/internacional\/nicolas-maduro-la-relacion-con-argentina-no-esta-mal-pero-podria-estar-mejor.phtml\">Leer m\u00e1s<\/a><\/p>\n","protected":false},"excerpt":{"rendered":"<p>El presidente de Venezuela dijo que tiene la intenci\u00f3n de estrechar un mejor v\u00ednculo con nuestro pa\u00eds, y critic\u00f3 la gesti\u00f3n de Mauricio Macri por el apoyo al principal opositor de su pa\u00eds, Juan Guaid\u00f3. Leer m\u00e1s<\/p>\n","protected":false},"author":0,"featured_media":0,"comment_status":"","ping_status":"","sticky":false,"template":"","format":"standard","meta":{"footnotes":""},"categories":[1],"tags":[],"class_list":["post-566","post","type-post","status-publish","format-standard","hentry","category-sin-categoria"],"_links":{"self":[{"href":"http:\/\/fmdelpueblo.ar\/index.php?rest_route=\/wp\/v2\/posts\/566","targetHints":{"allow":["GET"]}}],"collection":[{"href":"http:\/\/fmdelpueblo.ar\/index.php?rest_route=\/wp\/v2\/posts"}],"about":[{"href":"http:\/\/fmdelpueblo.ar\/index.php?rest_route=\/wp\/v2\/types\/post"}],"replies":[{"embeddable":true,"href":"http:\/\/fmdelpueblo.ar\/index.php?rest_route=%2Fwp%2Fv2%2Fcomments&post=566"}],"version-history":[{"count":0,"href":"http:\/\/fmdelpueblo.ar\/index.php?rest_route=\/wp\/v2\/posts\/566\/revisions"}],"wp:attachment":[{"href":"http:\/\/fmdelpueblo.ar\/index.php?rest_route=%2Fwp%2Fv2%2Fmedia&parent=566"}],"wp:term":[{"taxonomy":"category","embeddable":true,"href":"http:\/\/fmdelpueblo.ar\/index.php?rest_route=%2Fwp%2Fv2%2Fcategories&post=566"},{"taxonomy":"post_tag","embeddable":true,"href":"http:\/\/fmdelpueblo.ar\/index.php?rest_route=%2Fwp%2Fv2%2Ftags&post=566"}],"curies":[{"name":"wp","href":"https:\/\/api.w.org\/{rel}","templated":true}]}}