{"id":564,"date":"2021-10-31T19:15:42","date_gmt":"2021-10-31T19:15:42","guid":{"rendered":"https:\/\/fmdelpueblo.ar\/?p=564"},"modified":"2021-10-31T19:15:42","modified_gmt":"2021-10-31T19:15:42","slug":"francisco-no-recibio-a-alberto-fernandez-y-fabiola-yanez-pero-los-felicito-a-traves-de-la-embajadora","status":"publish","type":"post","link":"http:\/\/fmdelpueblo.ar\/?p=564","title":{"rendered":"Francisco no recibi\u00f3 a Alberto Fern\u00e1ndez y Fabiola Y\u00e1\u00f1ez, pero los felicit\u00f3 a trav\u00e9s de la embajadora"},"content":{"rendered":"<\/p>\n<p>Pese a la cercan\u00eda geogr\u00e1fica, el presidente y su pareja no se reunieron con el pont\u00edfice, quien s\u00ed recibi\u00f3 en Vaticano a Joe Biden (EEUU), Narendra Modi (India) y Moon Jae-in (Corea del Sur), entre otros mandatarios. <a href=\"https:\/\/www.perfil.com\/noticias\/actualidad\/francisco-no-se-reunio-con-alberto-fernandez-y-fabiola-yanez-pero-los-felicito-a-traves-de-la-embajadora.phtml\">Leer m\u00e1s<\/a><\/p>\n","protected":false},"excerpt":{"rendered":"<p>Pese a la cercan\u00eda geogr\u00e1fica, el presidente y su pareja no se reunieron con el pont\u00edfice, quien s\u00ed recibi\u00f3 en Vaticano a Joe Biden (EEUU), Narendra Modi (India) y Moon Jae-in (Corea del Sur), entre otros mandatarios. Leer m\u00e1s<\/p>\n","protected":false},"author":0,"featured_media":0,"comment_status":"","ping_status":"","sticky":false,"template":"","format":"standard","meta":{"footnotes":""},"categories":[1],"tags":[],"class_list":["post-564","post","type-post","status-publish","format-standard","hentry","category-sin-categoria"],"_links":{"self":[{"href":"http:\/\/fmdelpueblo.ar\/index.php?rest_route=\/wp\/v2\/posts\/564","targetHints":{"allow":["GET"]}}],"collection":[{"href":"http:\/\/fmdelpueblo.ar\/index.php?rest_route=\/wp\/v2\/posts"}],"about":[{"href":"http:\/\/fmdelpueblo.ar\/index.php?rest_route=\/wp\/v2\/types\/post"}],"replies":[{"embeddable":true,"href":"http:\/\/fmdelpueblo.ar\/index.php?rest_route=%2Fwp%2Fv2%2Fcomments&post=564"}],"version-history":[{"count":0,"href":"http:\/\/fmdelpueblo.ar\/index.php?rest_route=\/wp\/v2\/posts\/564\/revisions"}],"wp:attachment":[{"href":"http:\/\/fmdelpueblo.ar\/index.php?rest_route=%2Fwp%2Fv2%2Fmedia&parent=564"}],"wp:term":[{"taxonomy":"category","embeddable":true,"href":"http:\/\/fmdelpueblo.ar\/index.php?rest_route=%2Fwp%2Fv2%2Fcategories&post=564"},{"taxonomy":"post_tag","embeddable":true,"href":"http:\/\/fmdelpueblo.ar\/index.php?rest_route=%2Fwp%2Fv2%2Ftags&post=564"}],"curies":[{"name":"wp","href":"https:\/\/api.w.org\/{rel}","templated":true}]}}