{"id":563,"date":"2021-10-31T19:15:42","date_gmt":"2021-10-31T19:15:42","guid":{"rendered":"https:\/\/fmdelpueblo.ar\/?p=563"},"modified":"2021-10-31T19:15:42","modified_gmt":"2021-10-31T19:15:42","slug":"termino-la-cumbre-los-puntos-centrales-del-documento-final-del-g20-en-roma","status":"publish","type":"post","link":"http:\/\/fmdelpueblo.ar\/?p=563","title":{"rendered":"Termin\u00f3 la Cumbre: los puntos centrales del documento final del G20 en Roma"},"content":{"rendered":"<\/p>\n<p>Los principales l\u00edderes mundiales hablaron en las conclusiones de tres ejes principales: deuda, arquitectura financiera, recuperaci\u00f3n econ\u00f3mica y pandemia. Los detalles. <a href=\"https:\/\/www.perfil.com\/noticias\/internacional\/g20-los-puntos-centrales-del-documento-final-de-la-cumbre-en-roma.phtml\">Leer m\u00e1s<\/a><\/p>\n","protected":false},"excerpt":{"rendered":"<p>Los principales l\u00edderes mundiales hablaron en las conclusiones de tres ejes principales: deuda, arquitectura financiera, recuperaci\u00f3n econ\u00f3mica y pandemia. Los detalles. Leer m\u00e1s<\/p>\n","protected":false},"author":0,"featured_media":0,"comment_status":"","ping_status":"","sticky":false,"template":"","format":"standard","meta":{"footnotes":""},"categories":[1],"tags":[],"class_list":["post-563","post","type-post","status-publish","format-standard","hentry","category-sin-categoria"],"_links":{"self":[{"href":"http:\/\/fmdelpueblo.ar\/index.php?rest_route=\/wp\/v2\/posts\/563","targetHints":{"allow":["GET"]}}],"collection":[{"href":"http:\/\/fmdelpueblo.ar\/index.php?rest_route=\/wp\/v2\/posts"}],"about":[{"href":"http:\/\/fmdelpueblo.ar\/index.php?rest_route=\/wp\/v2\/types\/post"}],"replies":[{"embeddable":true,"href":"http:\/\/fmdelpueblo.ar\/index.php?rest_route=%2Fwp%2Fv2%2Fcomments&post=563"}],"version-history":[{"count":0,"href":"http:\/\/fmdelpueblo.ar\/index.php?rest_route=\/wp\/v2\/posts\/563\/revisions"}],"wp:attachment":[{"href":"http:\/\/fmdelpueblo.ar\/index.php?rest_route=%2Fwp%2Fv2%2Fmedia&parent=563"}],"wp:term":[{"taxonomy":"category","embeddable":true,"href":"http:\/\/fmdelpueblo.ar\/index.php?rest_route=%2Fwp%2Fv2%2Fcategories&post=563"},{"taxonomy":"post_tag","embeddable":true,"href":"http:\/\/fmdelpueblo.ar\/index.php?rest_route=%2Fwp%2Fv2%2Ftags&post=563"}],"curies":[{"name":"wp","href":"https:\/\/api.w.org\/{rel}","templated":true}]}}