{"id":561,"date":"2021-10-31T17:22:39","date_gmt":"2021-10-31T17:22:39","guid":{"rendered":"https:\/\/fmdelpueblo.ar\/?p=561"},"modified":"2021-10-31T17:22:39","modified_gmt":"2021-10-31T17:22:39","slug":"alberto-fernandez-pidio-financiamiento-genuino-sin-complicidad-local-de-quienes-lo-fugan-a-paraisos-fiscales","status":"publish","type":"post","link":"http:\/\/fmdelpueblo.ar\/?p=561","title":{"rendered":"Alberto Fern\u00e1ndez pidi\u00f3 \u00abfinanciamiento genuino, sin complicidad local de quienes lo fugan a para\u00edsos fiscales\u00bb"},"content":{"rendered":"<\/p>\n<p>En su tercera y \u00faltima intervenci\u00f3n en el G20, el Presidente hab\u00eda deslizado a nivel internacional las cr\u00edticas que hace al macrismo en campa\u00f1a, llamando a \u00abconstruir puentes de fraternidad y dejar atr\u00e1s los muros del ego\u00edsmo\u00bb. Su reclamo sobre los Derechos Especiales de Giro. <a href=\"https:\/\/www.perfil.com\/noticias\/actualidad\/alberto-fernandez-pidio-financiamiento-genuino-sin-complicidad-local-de-quienes-lo-fugan-a-paraisos-fiscales.phtml\">Leer m\u00e1s<\/a><\/p>\n","protected":false},"excerpt":{"rendered":"<p>En su tercera y \u00faltima intervenci\u00f3n en el G20, el Presidente hab\u00eda deslizado a nivel internacional las cr\u00edticas que hace al macrismo en campa\u00f1a, llamando a \u00abconstruir puentes de fraternidad y dejar atr\u00e1s los muros del ego\u00edsmo\u00bb. Su reclamo sobre los Derechos Especiales de Giro. Leer m\u00e1s<\/p>\n","protected":false},"author":0,"featured_media":0,"comment_status":"","ping_status":"","sticky":false,"template":"","format":"standard","meta":{"footnotes":""},"categories":[1],"tags":[],"class_list":["post-561","post","type-post","status-publish","format-standard","hentry","category-sin-categoria"],"_links":{"self":[{"href":"http:\/\/fmdelpueblo.ar\/index.php?rest_route=\/wp\/v2\/posts\/561","targetHints":{"allow":["GET"]}}],"collection":[{"href":"http:\/\/fmdelpueblo.ar\/index.php?rest_route=\/wp\/v2\/posts"}],"about":[{"href":"http:\/\/fmdelpueblo.ar\/index.php?rest_route=\/wp\/v2\/types\/post"}],"replies":[{"embeddable":true,"href":"http:\/\/fmdelpueblo.ar\/index.php?rest_route=%2Fwp%2Fv2%2Fcomments&post=561"}],"version-history":[{"count":0,"href":"http:\/\/fmdelpueblo.ar\/index.php?rest_route=\/wp\/v2\/posts\/561\/revisions"}],"wp:attachment":[{"href":"http:\/\/fmdelpueblo.ar\/index.php?rest_route=%2Fwp%2Fv2%2Fmedia&parent=561"}],"wp:term":[{"taxonomy":"category","embeddable":true,"href":"http:\/\/fmdelpueblo.ar\/index.php?rest_route=%2Fwp%2Fv2%2Fcategories&post=561"},{"taxonomy":"post_tag","embeddable":true,"href":"http:\/\/fmdelpueblo.ar\/index.php?rest_route=%2Fwp%2Fv2%2Ftags&post=561"}],"curies":[{"name":"wp","href":"https:\/\/api.w.org\/{rel}","templated":true}]}}