{"id":560,"date":"2021-10-31T16:13:27","date_gmt":"2021-10-31T16:13:27","guid":{"rendered":"https:\/\/fmdelpueblo.ar\/?p=560"},"modified":"2021-10-31T16:13:27","modified_gmt":"2021-10-31T16:13:27","slug":"g20-alberto-fernandez-deja-la-cumbre-de-roma-con-una-victoria-politica","status":"publish","type":"post","link":"http:\/\/fmdelpueblo.ar\/?p=560","title":{"rendered":"G20: Alberto Fern\u00e1ndez deja la Cumbre de Roma con una victoria pol\u00edtica"},"content":{"rendered":"<\/p>\n<p>Los l\u00edderes del G20 apoyaron la revisi\u00f3n de la pol\u00edtica de sobrecargos del FMI y abri\u00f3 la puerta a la creaci\u00f3n de un nuevo Fondo de Resiliencia\u00bb que otorgue mayores plazos a pa\u00edses de ingresos medios y bajos, tal como reclamaba el Gobierno argentino. <a href=\"https:\/\/www.perfil.com\/noticias\/actualidad\/g20-alberto-fernandez-deja-la-cumbre-de-roma-con-una-victoria-politica.phtml\">Leer m\u00e1s<\/a><\/p>\n","protected":false},"excerpt":{"rendered":"<p>Los l\u00edderes del G20 apoyaron la revisi\u00f3n de la pol\u00edtica de sobrecargos del FMI y abri\u00f3 la puerta a la creaci\u00f3n de un nuevo Fondo de Resiliencia\u00bb que otorgue mayores plazos a pa\u00edses de ingresos medios y bajos, tal como reclamaba el Gobierno argentino. Leer m\u00e1s<\/p>\n","protected":false},"author":0,"featured_media":0,"comment_status":"","ping_status":"","sticky":false,"template":"","format":"standard","meta":{"footnotes":""},"categories":[1],"tags":[],"class_list":["post-560","post","type-post","status-publish","format-standard","hentry","category-sin-categoria"],"_links":{"self":[{"href":"http:\/\/fmdelpueblo.ar\/index.php?rest_route=\/wp\/v2\/posts\/560","targetHints":{"allow":["GET"]}}],"collection":[{"href":"http:\/\/fmdelpueblo.ar\/index.php?rest_route=\/wp\/v2\/posts"}],"about":[{"href":"http:\/\/fmdelpueblo.ar\/index.php?rest_route=\/wp\/v2\/types\/post"}],"replies":[{"embeddable":true,"href":"http:\/\/fmdelpueblo.ar\/index.php?rest_route=%2Fwp%2Fv2%2Fcomments&post=560"}],"version-history":[{"count":0,"href":"http:\/\/fmdelpueblo.ar\/index.php?rest_route=\/wp\/v2\/posts\/560\/revisions"}],"wp:attachment":[{"href":"http:\/\/fmdelpueblo.ar\/index.php?rest_route=%2Fwp%2Fv2%2Fmedia&parent=560"}],"wp:term":[{"taxonomy":"category","embeddable":true,"href":"http:\/\/fmdelpueblo.ar\/index.php?rest_route=%2Fwp%2Fv2%2Fcategories&post=560"},{"taxonomy":"post_tag","embeddable":true,"href":"http:\/\/fmdelpueblo.ar\/index.php?rest_route=%2Fwp%2Fv2%2Ftags&post=560"}],"curies":[{"name":"wp","href":"https:\/\/api.w.org\/{rel}","templated":true}]}}