{"id":557,"date":"2021-10-31T13:10:10","date_gmt":"2021-10-31T13:10:10","guid":{"rendered":"https:\/\/fmdelpueblo.ar\/?p=557"},"modified":"2021-10-31T13:10:10","modified_gmt":"2021-10-31T13:10:10","slug":"en-el-g20-alberto-fernandez-pidio-canjear-deuda-por-accion-climatica-y-cito-a-peron","status":"publish","type":"post","link":"http:\/\/fmdelpueblo.ar\/?p=557","title":{"rendered":"En el G20, Alberto Fern\u00e1ndez pidi\u00f3 canjear deuda por acci\u00f3n clim\u00e1tica y cit\u00f3 a Per\u00f3n"},"content":{"rendered":"<\/p>\n<p>En la antesala de la Conferencia de las Naciones Unidas sobre el Cambio Clim\u00e1tico, el Mandatario dio su segundo discurso este domingo en la Cumbre del G20. La frase de Per\u00f3n que record\u00f3. <a href=\"https:\/\/www.perfil.com\/noticias\/actualidad\/en-el-g20-alberto-fernandez-pidio-canjear-deuda-por-accion-climatica-y-cito-a-peron.phtml\">Leer m\u00e1s<\/a><\/p>\n","protected":false},"excerpt":{"rendered":"<p>En la antesala de la Conferencia de las Naciones Unidas sobre el Cambio Clim\u00e1tico, el Mandatario dio su segundo discurso este domingo en la Cumbre del G20. La frase de Per\u00f3n que record\u00f3. Leer m\u00e1s<\/p>\n","protected":false},"author":0,"featured_media":0,"comment_status":"","ping_status":"","sticky":false,"template":"","format":"standard","meta":{"footnotes":""},"categories":[1],"tags":[],"class_list":["post-557","post","type-post","status-publish","format-standard","hentry","category-sin-categoria"],"_links":{"self":[{"href":"http:\/\/fmdelpueblo.ar\/index.php?rest_route=\/wp\/v2\/posts\/557","targetHints":{"allow":["GET"]}}],"collection":[{"href":"http:\/\/fmdelpueblo.ar\/index.php?rest_route=\/wp\/v2\/posts"}],"about":[{"href":"http:\/\/fmdelpueblo.ar\/index.php?rest_route=\/wp\/v2\/types\/post"}],"replies":[{"embeddable":true,"href":"http:\/\/fmdelpueblo.ar\/index.php?rest_route=%2Fwp%2Fv2%2Fcomments&post=557"}],"version-history":[{"count":0,"href":"http:\/\/fmdelpueblo.ar\/index.php?rest_route=\/wp\/v2\/posts\/557\/revisions"}],"wp:attachment":[{"href":"http:\/\/fmdelpueblo.ar\/index.php?rest_route=%2Fwp%2Fv2%2Fmedia&parent=557"}],"wp:term":[{"taxonomy":"category","embeddable":true,"href":"http:\/\/fmdelpueblo.ar\/index.php?rest_route=%2Fwp%2Fv2%2Fcategories&post=557"},{"taxonomy":"post_tag","embeddable":true,"href":"http:\/\/fmdelpueblo.ar\/index.php?rest_route=%2Fwp%2Fv2%2Ftags&post=557"}],"curies":[{"name":"wp","href":"https:\/\/api.w.org\/{rel}","templated":true}]}}