{"id":556,"date":"2021-10-31T12:12:03","date_gmt":"2021-10-31T12:12:03","guid":{"rendered":"https:\/\/fmdelpueblo.ar\/?p=556"},"modified":"2021-10-31T12:12:03","modified_gmt":"2021-10-31T12:12:03","slug":"alberto-fernandez-empezo-el-dia-reuniendose-con-la-reina-maxima-de-holanda","status":"publish","type":"post","link":"http:\/\/fmdelpueblo.ar\/?p=556","title":{"rendered":"Alberto Fern\u00e1ndez empez\u00f3 el d\u00eda reuni\u00e9ndose con la reina M\u00e1xima de Holanda"},"content":{"rendered":"<\/p>\n<p>Fue en el centro de La Nuvola. Al Mandatario lo acompa\u00f1aron Cafiero, Guzm\u00e1n y Beliz. M\u00e1xima, en su rol de asesora de Naciones Unidas, asisti\u00f3 junto a Pia Tayag, directora de UNSGSA, y al asesor David Symington. <a href=\"https:\/\/www.perfil.com\/noticias\/actualidad\/cumbre-del-g20-alberto-fernandez-empezo-su-dia-en-roma-reuniendose-con-la-reina-maxima.phtml\">Leer m\u00e1s<\/a><\/p>\n","protected":false},"excerpt":{"rendered":"<p>Fue en el centro de La Nuvola. Al Mandatario lo acompa\u00f1aron Cafiero, Guzm\u00e1n y Beliz. M\u00e1xima, en su rol de asesora de Naciones Unidas, asisti\u00f3 junto a Pia Tayag, directora de UNSGSA, y al asesor David Symington. Leer m\u00e1s<\/p>\n","protected":false},"author":0,"featured_media":0,"comment_status":"","ping_status":"","sticky":false,"template":"","format":"standard","meta":{"footnotes":""},"categories":[1],"tags":[],"class_list":["post-556","post","type-post","status-publish","format-standard","hentry","category-sin-categoria"],"_links":{"self":[{"href":"http:\/\/fmdelpueblo.ar\/index.php?rest_route=\/wp\/v2\/posts\/556","targetHints":{"allow":["GET"]}}],"collection":[{"href":"http:\/\/fmdelpueblo.ar\/index.php?rest_route=\/wp\/v2\/posts"}],"about":[{"href":"http:\/\/fmdelpueblo.ar\/index.php?rest_route=\/wp\/v2\/types\/post"}],"replies":[{"embeddable":true,"href":"http:\/\/fmdelpueblo.ar\/index.php?rest_route=%2Fwp%2Fv2%2Fcomments&post=556"}],"version-history":[{"count":0,"href":"http:\/\/fmdelpueblo.ar\/index.php?rest_route=\/wp\/v2\/posts\/556\/revisions"}],"wp:attachment":[{"href":"http:\/\/fmdelpueblo.ar\/index.php?rest_route=%2Fwp%2Fv2%2Fmedia&parent=556"}],"wp:term":[{"taxonomy":"category","embeddable":true,"href":"http:\/\/fmdelpueblo.ar\/index.php?rest_route=%2Fwp%2Fv2%2Fcategories&post=556"},{"taxonomy":"post_tag","embeddable":true,"href":"http:\/\/fmdelpueblo.ar\/index.php?rest_route=%2Fwp%2Fv2%2Ftags&post=556"}],"curies":[{"name":"wp","href":"https:\/\/api.w.org\/{rel}","templated":true}]}}