{"id":555,"date":"2021-10-31T11:11:27","date_gmt":"2021-10-31T11:11:27","guid":{"rendered":"https:\/\/fmdelpueblo.ar\/?p=555"},"modified":"2021-10-31T11:11:27","modified_gmt":"2021-10-31T11:11:27","slug":"el-presidente-obtuvo-un-saludo-para-la-foto-con-biden","status":"publish","type":"post","link":"http:\/\/fmdelpueblo.ar\/?p=555","title":{"rendered":"El Presidente obtuvo un saludo para la foto con Biden"},"content":{"rendered":"<\/p>\n<p>Alberto Fern\u00e1ndez y su par estadounidense tuvieron una breve charla despu\u00e9s de la foto de familia. Biden mencion\u00f3 su reuni\u00f3n con el Papa y el argentino celebr\u00f3 su triunfo ante Trump. <a href=\"https:\/\/www.perfil.com\/noticias\/politica\/el-presidente-obtuvo-un-saludo-para-la-foto-con-biden.phtml\">Leer m\u00e1s<\/a><\/p>\n","protected":false},"excerpt":{"rendered":"<p>Alberto Fern\u00e1ndez y su par estadounidense tuvieron una breve charla despu\u00e9s de la foto de familia. Biden mencion\u00f3 su reuni\u00f3n con el Papa y el argentino celebr\u00f3 su triunfo ante Trump. Leer m\u00e1s<\/p>\n","protected":false},"author":0,"featured_media":0,"comment_status":"","ping_status":"","sticky":false,"template":"","format":"standard","meta":{"footnotes":""},"categories":[1],"tags":[],"class_list":["post-555","post","type-post","status-publish","format-standard","hentry","category-sin-categoria"],"_links":{"self":[{"href":"http:\/\/fmdelpueblo.ar\/index.php?rest_route=\/wp\/v2\/posts\/555","targetHints":{"allow":["GET"]}}],"collection":[{"href":"http:\/\/fmdelpueblo.ar\/index.php?rest_route=\/wp\/v2\/posts"}],"about":[{"href":"http:\/\/fmdelpueblo.ar\/index.php?rest_route=\/wp\/v2\/types\/post"}],"replies":[{"embeddable":true,"href":"http:\/\/fmdelpueblo.ar\/index.php?rest_route=%2Fwp%2Fv2%2Fcomments&post=555"}],"version-history":[{"count":0,"href":"http:\/\/fmdelpueblo.ar\/index.php?rest_route=\/wp\/v2\/posts\/555\/revisions"}],"wp:attachment":[{"href":"http:\/\/fmdelpueblo.ar\/index.php?rest_route=%2Fwp%2Fv2%2Fmedia&parent=555"}],"wp:term":[{"taxonomy":"category","embeddable":true,"href":"http:\/\/fmdelpueblo.ar\/index.php?rest_route=%2Fwp%2Fv2%2Fcategories&post=555"},{"taxonomy":"post_tag","embeddable":true,"href":"http:\/\/fmdelpueblo.ar\/index.php?rest_route=%2Fwp%2Fv2%2Ftags&post=555"}],"curies":[{"name":"wp","href":"https:\/\/api.w.org\/{rel}","templated":true}]}}