{"id":553,"date":"2021-10-31T11:11:27","date_gmt":"2021-10-31T11:11:27","guid":{"rendered":"https:\/\/fmdelpueblo.ar\/?p=553"},"modified":"2021-10-31T11:11:27","modified_gmt":"2021-10-31T11:11:27","slug":"el-congreso-entra-en-receso-pero-promete-extraordinarias","status":"publish","type":"post","link":"http:\/\/fmdelpueblo.ar\/?p=553","title":{"rendered":"El Congreso entra en receso pero promete extraordinarias"},"content":{"rendered":"<\/p>\n<p>El Presupuesto encabeza la lista de temas pendientes junto a la Ley de Hidrocarburos pero el oficialismo estar\u00e1 obligado a negociar ante la nueva composici\u00f3n de ambas c\u00e1maras. <a href=\"https:\/\/www.perfil.com\/noticias\/politica\/el-congreso-entra-en-receso-pero-promete-extraordinarias.phtml\">Leer m\u00e1s<\/a><\/p>\n","protected":false},"excerpt":{"rendered":"<p>El Presupuesto encabeza la lista de temas pendientes junto a la Ley de Hidrocarburos pero el oficialismo estar\u00e1 obligado a negociar ante la nueva composici\u00f3n de ambas c\u00e1maras. Leer m\u00e1s<\/p>\n","protected":false},"author":0,"featured_media":0,"comment_status":"","ping_status":"","sticky":false,"template":"","format":"standard","meta":{"footnotes":""},"categories":[1],"tags":[],"class_list":["post-553","post","type-post","status-publish","format-standard","hentry","category-sin-categoria"],"_links":{"self":[{"href":"http:\/\/fmdelpueblo.ar\/index.php?rest_route=\/wp\/v2\/posts\/553","targetHints":{"allow":["GET"]}}],"collection":[{"href":"http:\/\/fmdelpueblo.ar\/index.php?rest_route=\/wp\/v2\/posts"}],"about":[{"href":"http:\/\/fmdelpueblo.ar\/index.php?rest_route=\/wp\/v2\/types\/post"}],"replies":[{"embeddable":true,"href":"http:\/\/fmdelpueblo.ar\/index.php?rest_route=%2Fwp%2Fv2%2Fcomments&post=553"}],"version-history":[{"count":0,"href":"http:\/\/fmdelpueblo.ar\/index.php?rest_route=\/wp\/v2\/posts\/553\/revisions"}],"wp:attachment":[{"href":"http:\/\/fmdelpueblo.ar\/index.php?rest_route=%2Fwp%2Fv2%2Fmedia&parent=553"}],"wp:term":[{"taxonomy":"category","embeddable":true,"href":"http:\/\/fmdelpueblo.ar\/index.php?rest_route=%2Fwp%2Fv2%2Fcategories&post=553"},{"taxonomy":"post_tag","embeddable":true,"href":"http:\/\/fmdelpueblo.ar\/index.php?rest_route=%2Fwp%2Fv2%2Ftags&post=553"}],"curies":[{"name":"wp","href":"https:\/\/api.w.org\/{rel}","templated":true}]}}