{"id":544,"date":"2021-10-31T07:10:35","date_gmt":"2021-10-31T07:10:35","guid":{"rendered":"https:\/\/fmdelpueblo.ar\/?p=544"},"modified":"2021-10-31T07:10:35","modified_gmt":"2021-10-31T07:10:35","slug":"entre-la-imagen-y-la-palabra","status":"publish","type":"post","link":"http:\/\/fmdelpueblo.ar\/?p=544","title":{"rendered":"Entre la imagen y la palabra"},"content":{"rendered":"<\/p>\n<p>M\u00e1s all\u00e1 de la obra, lo que suele quedar de un autor o autora es el reflejo de una imagen: la barba blanca de Whitman, el porte l\u00e1nguido de Virigina Woolf o la neblina vagabunda en la mirada de Borges. Entre la palabra y la foto, aparece una marca de autor que deviene un emblema. Cuatro fot\u00f3grafas y fot\u00f3grafos argentinos reflexionan sobre la fecunda relaci\u00f3n entre la fotograf\u00eda y los creadores de literatura. <a href=\"https:\/\/www.perfil.com\/noticias\/cultura\/entre-la-imagen-y-la-palabra.phtml\">Leer m\u00e1s<\/a><\/p>\n","protected":false},"excerpt":{"rendered":"<p>M\u00e1s all\u00e1 de la obra, lo que suele quedar de un autor o autora es el reflejo de una imagen: la barba blanca de Whitman, el porte l\u00e1nguido de Virigina Woolf o la neblina vagabunda en la mirada de Borges. Entre la palabra y la foto, aparece una marca de autor que deviene un emblema. [&hellip;]<\/p>\n","protected":false},"author":0,"featured_media":0,"comment_status":"","ping_status":"","sticky":false,"template":"","format":"standard","meta":{"footnotes":""},"categories":[1],"tags":[],"class_list":["post-544","post","type-post","status-publish","format-standard","hentry","category-sin-categoria"],"_links":{"self":[{"href":"http:\/\/fmdelpueblo.ar\/index.php?rest_route=\/wp\/v2\/posts\/544","targetHints":{"allow":["GET"]}}],"collection":[{"href":"http:\/\/fmdelpueblo.ar\/index.php?rest_route=\/wp\/v2\/posts"}],"about":[{"href":"http:\/\/fmdelpueblo.ar\/index.php?rest_route=\/wp\/v2\/types\/post"}],"replies":[{"embeddable":true,"href":"http:\/\/fmdelpueblo.ar\/index.php?rest_route=%2Fwp%2Fv2%2Fcomments&post=544"}],"version-history":[{"count":0,"href":"http:\/\/fmdelpueblo.ar\/index.php?rest_route=\/wp\/v2\/posts\/544\/revisions"}],"wp:attachment":[{"href":"http:\/\/fmdelpueblo.ar\/index.php?rest_route=%2Fwp%2Fv2%2Fmedia&parent=544"}],"wp:term":[{"taxonomy":"category","embeddable":true,"href":"http:\/\/fmdelpueblo.ar\/index.php?rest_route=%2Fwp%2Fv2%2Fcategories&post=544"},{"taxonomy":"post_tag","embeddable":true,"href":"http:\/\/fmdelpueblo.ar\/index.php?rest_route=%2Fwp%2Fv2%2Ftags&post=544"}],"curies":[{"name":"wp","href":"https:\/\/api.w.org\/{rel}","templated":true}]}}