{"id":540,"date":"2021-10-31T07:10:35","date_gmt":"2021-10-31T07:10:35","guid":{"rendered":"https:\/\/fmdelpueblo.ar\/?p=540"},"modified":"2021-10-31T07:10:35","modified_gmt":"2021-10-31T07:10:35","slug":"la-pionera-que-nunca-deja-de-sonar","status":"publish","type":"post","link":"http:\/\/fmdelpueblo.ar\/?p=540","title":{"rendered":"La pionera que nunca deja de sonar"},"content":{"rendered":"<\/p>\n<p>Se cumplieron veinticinco a\u00f1os de la muerte de Gilda y su m\u00fasica sigue tan vigente como nunca. Como parte de los homenajes, diez int\u00e9rpretes femeninas revisionaron sus temas. Tres de ellas hablan de lo que signific\u00f3 la carrera de la \u00eddola y que significa esta cantante y compositora popular en sus vidas cotidianas. <a href=\"https:\/\/www.perfil.com\/noticias\/espectaculos\/la-pionera-que-nunca-deja-de-sonar.phtml\">Leer m\u00e1s<\/a><\/p>\n","protected":false},"excerpt":{"rendered":"<p>Se cumplieron veinticinco a\u00f1os de la muerte de Gilda y su m\u00fasica sigue tan vigente como nunca. Como parte de los homenajes, diez int\u00e9rpretes femeninas revisionaron sus temas. Tres de ellas hablan de lo que signific\u00f3 la carrera de la \u00eddola y que significa esta cantante y compositora popular en sus vidas cotidianas. Leer m\u00e1s<\/p>\n","protected":false},"author":0,"featured_media":0,"comment_status":"","ping_status":"","sticky":false,"template":"","format":"standard","meta":{"footnotes":""},"categories":[1],"tags":[],"class_list":["post-540","post","type-post","status-publish","format-standard","hentry","category-sin-categoria"],"_links":{"self":[{"href":"http:\/\/fmdelpueblo.ar\/index.php?rest_route=\/wp\/v2\/posts\/540","targetHints":{"allow":["GET"]}}],"collection":[{"href":"http:\/\/fmdelpueblo.ar\/index.php?rest_route=\/wp\/v2\/posts"}],"about":[{"href":"http:\/\/fmdelpueblo.ar\/index.php?rest_route=\/wp\/v2\/types\/post"}],"replies":[{"embeddable":true,"href":"http:\/\/fmdelpueblo.ar\/index.php?rest_route=%2Fwp%2Fv2%2Fcomments&post=540"}],"version-history":[{"count":0,"href":"http:\/\/fmdelpueblo.ar\/index.php?rest_route=\/wp\/v2\/posts\/540\/revisions"}],"wp:attachment":[{"href":"http:\/\/fmdelpueblo.ar\/index.php?rest_route=%2Fwp%2Fv2%2Fmedia&parent=540"}],"wp:term":[{"taxonomy":"category","embeddable":true,"href":"http:\/\/fmdelpueblo.ar\/index.php?rest_route=%2Fwp%2Fv2%2Fcategories&post=540"},{"taxonomy":"post_tag","embeddable":true,"href":"http:\/\/fmdelpueblo.ar\/index.php?rest_route=%2Fwp%2Fv2%2Ftags&post=540"}],"curies":[{"name":"wp","href":"https:\/\/api.w.org\/{rel}","templated":true}]}}