{"id":537,"date":"2021-10-31T07:10:35","date_gmt":"2021-10-31T07:10:35","guid":{"rendered":"https:\/\/fmdelpueblo.ar\/?p=537"},"modified":"2021-10-31T07:10:35","modified_gmt":"2021-10-31T07:10:35","slug":"el-club-que-salto-la-grieta","status":"publish","type":"post","link":"http:\/\/fmdelpueblo.ar\/?p=537","title":{"rendered":"El club que salt\u00f3 la grieta"},"content":{"rendered":"<\/p>\n<p>El presidente V\u00edctor Blanco, cuestionado en el Cilindro, recibi\u00f3 el apoyo de M\u00e1ximo Kirchner y Rodr\u00edguez Larreta. <a href=\"https:\/\/www.perfil.com\/noticias\/columnistas\/el-club-que-salto-la-grieta.phtml\">Leer m\u00e1s<\/a><\/p>\n","protected":false},"excerpt":{"rendered":"<p>El presidente V\u00edctor Blanco, cuestionado en el Cilindro, recibi\u00f3 el apoyo de M\u00e1ximo Kirchner y Rodr\u00edguez Larreta. Leer m\u00e1s<\/p>\n","protected":false},"author":0,"featured_media":0,"comment_status":"","ping_status":"","sticky":false,"template":"","format":"standard","meta":{"footnotes":""},"categories":[1],"tags":[],"class_list":["post-537","post","type-post","status-publish","format-standard","hentry","category-sin-categoria"],"_links":{"self":[{"href":"http:\/\/fmdelpueblo.ar\/index.php?rest_route=\/wp\/v2\/posts\/537","targetHints":{"allow":["GET"]}}],"collection":[{"href":"http:\/\/fmdelpueblo.ar\/index.php?rest_route=\/wp\/v2\/posts"}],"about":[{"href":"http:\/\/fmdelpueblo.ar\/index.php?rest_route=\/wp\/v2\/types\/post"}],"replies":[{"embeddable":true,"href":"http:\/\/fmdelpueblo.ar\/index.php?rest_route=%2Fwp%2Fv2%2Fcomments&post=537"}],"version-history":[{"count":0,"href":"http:\/\/fmdelpueblo.ar\/index.php?rest_route=\/wp\/v2\/posts\/537\/revisions"}],"wp:attachment":[{"href":"http:\/\/fmdelpueblo.ar\/index.php?rest_route=%2Fwp%2Fv2%2Fmedia&parent=537"}],"wp:term":[{"taxonomy":"category","embeddable":true,"href":"http:\/\/fmdelpueblo.ar\/index.php?rest_route=%2Fwp%2Fv2%2Fcategories&post=537"},{"taxonomy":"post_tag","embeddable":true,"href":"http:\/\/fmdelpueblo.ar\/index.php?rest_route=%2Fwp%2Fv2%2Ftags&post=537"}],"curies":[{"name":"wp","href":"https:\/\/api.w.org\/{rel}","templated":true}]}}