{"id":525,"date":"2021-10-31T04:12:08","date_gmt":"2021-10-31T04:12:08","guid":{"rendered":"https:\/\/fmdelpueblo.ar\/?p=525"},"modified":"2021-10-31T04:12:08","modified_gmt":"2021-10-31T04:12:08","slug":"para-este-gobierno-la-inflacion-es-un-angel-guardian-asi-no-explota","status":"publish","type":"post","link":"http:\/\/fmdelpueblo.ar\/?p=525","title":{"rendered":"\u00abPara este gobierno la inflaci\u00f3n es un \u00e1ngel guardi\u00e1n, as\u00ed no explota\u00bb"},"content":{"rendered":"<\/p>\n<p>El economista y exdirector del Banco Central reforz\u00f3 la idea del uso pol\u00edtico que se hace de la inflaci\u00f3n, para licuar el gasto. Ve atraso del 20% en tipo de cambio y cree que el acuerdo con el Fondo \u00abest\u00e1 chivo\u00bb.  <a href=\"https:\/\/www.perfil.com\/noticias\/cordoba\/para-este-gobierno-la-inflacion-es-un-angel-guardian-asi-no-explota.phtml\">Leer m\u00e1s<\/a><\/p>\n","protected":false},"excerpt":{"rendered":"<p>El economista y exdirector del Banco Central reforz\u00f3 la idea del uso pol\u00edtico que se hace de la inflaci\u00f3n, para licuar el gasto. Ve atraso del 20% en tipo de cambio y cree que el acuerdo con el Fondo \u00abest\u00e1 chivo\u00bb. Leer m\u00e1s<\/p>\n","protected":false},"author":0,"featured_media":0,"comment_status":"","ping_status":"","sticky":false,"template":"","format":"standard","meta":{"footnotes":""},"categories":[1],"tags":[],"class_list":["post-525","post","type-post","status-publish","format-standard","hentry","category-sin-categoria"],"_links":{"self":[{"href":"http:\/\/fmdelpueblo.ar\/index.php?rest_route=\/wp\/v2\/posts\/525","targetHints":{"allow":["GET"]}}],"collection":[{"href":"http:\/\/fmdelpueblo.ar\/index.php?rest_route=\/wp\/v2\/posts"}],"about":[{"href":"http:\/\/fmdelpueblo.ar\/index.php?rest_route=\/wp\/v2\/types\/post"}],"replies":[{"embeddable":true,"href":"http:\/\/fmdelpueblo.ar\/index.php?rest_route=%2Fwp%2Fv2%2Fcomments&post=525"}],"version-history":[{"count":0,"href":"http:\/\/fmdelpueblo.ar\/index.php?rest_route=\/wp\/v2\/posts\/525\/revisions"}],"wp:attachment":[{"href":"http:\/\/fmdelpueblo.ar\/index.php?rest_route=%2Fwp%2Fv2%2Fmedia&parent=525"}],"wp:term":[{"taxonomy":"category","embeddable":true,"href":"http:\/\/fmdelpueblo.ar\/index.php?rest_route=%2Fwp%2Fv2%2Fcategories&post=525"},{"taxonomy":"post_tag","embeddable":true,"href":"http:\/\/fmdelpueblo.ar\/index.php?rest_route=%2Fwp%2Fv2%2Ftags&post=525"}],"curies":[{"name":"wp","href":"https:\/\/api.w.org\/{rel}","templated":true}]}}