{"id":523,"date":"2021-10-31T04:12:08","date_gmt":"2021-10-31T04:12:08","guid":{"rendered":"https:\/\/fmdelpueblo.ar\/?p=523"},"modified":"2021-10-31T04:12:08","modified_gmt":"2021-10-31T04:12:08","slug":"prat-gay-pidio-dialogo-amplio-y-propuso-una-reforma-constitucional","status":"publish","type":"post","link":"http:\/\/fmdelpueblo.ar\/?p=523","title":{"rendered":"Prat Gay pidi\u00f3 di\u00e1logo ampli\u00f3 y propuso una Reforma Constitucional"},"content":{"rendered":"<\/p>\n<p>En un almuerzo con empresarios dijo que el pa\u00eds sigue sin resolver la crisis de 2021 y plante\u00f3 una reforma para pensar un mandato de 6 a\u00f1os sin reelecci\u00f3n, una reforma tributaria y laboral, entre otros puntos.  <a href=\"https:\/\/www.perfil.com\/noticias\/cordoba\/prat-gay-pidio-dialogo-amplio-y-propuso-una-reforma-constitucional.phtml\">Leer m\u00e1s<\/a><\/p>\n","protected":false},"excerpt":{"rendered":"<p>En un almuerzo con empresarios dijo que el pa\u00eds sigue sin resolver la crisis de 2021 y plante\u00f3 una reforma para pensar un mandato de 6 a\u00f1os sin reelecci\u00f3n, una reforma tributaria y laboral, entre otros puntos. Leer m\u00e1s<\/p>\n","protected":false},"author":0,"featured_media":0,"comment_status":"","ping_status":"","sticky":false,"template":"","format":"standard","meta":{"footnotes":""},"categories":[1],"tags":[],"class_list":["post-523","post","type-post","status-publish","format-standard","hentry","category-sin-categoria"],"_links":{"self":[{"href":"http:\/\/fmdelpueblo.ar\/index.php?rest_route=\/wp\/v2\/posts\/523","targetHints":{"allow":["GET"]}}],"collection":[{"href":"http:\/\/fmdelpueblo.ar\/index.php?rest_route=\/wp\/v2\/posts"}],"about":[{"href":"http:\/\/fmdelpueblo.ar\/index.php?rest_route=\/wp\/v2\/types\/post"}],"replies":[{"embeddable":true,"href":"http:\/\/fmdelpueblo.ar\/index.php?rest_route=%2Fwp%2Fv2%2Fcomments&post=523"}],"version-history":[{"count":0,"href":"http:\/\/fmdelpueblo.ar\/index.php?rest_route=\/wp\/v2\/posts\/523\/revisions"}],"wp:attachment":[{"href":"http:\/\/fmdelpueblo.ar\/index.php?rest_route=%2Fwp%2Fv2%2Fmedia&parent=523"}],"wp:term":[{"taxonomy":"category","embeddable":true,"href":"http:\/\/fmdelpueblo.ar\/index.php?rest_route=%2Fwp%2Fv2%2Fcategories&post=523"},{"taxonomy":"post_tag","embeddable":true,"href":"http:\/\/fmdelpueblo.ar\/index.php?rest_route=%2Fwp%2Fv2%2Ftags&post=523"}],"curies":[{"name":"wp","href":"https:\/\/api.w.org\/{rel}","templated":true}]}}