{"id":522,"date":"2021-10-31T04:12:08","date_gmt":"2021-10-31T04:12:08","guid":{"rendered":"https:\/\/fmdelpueblo.ar\/?p=522"},"modified":"2021-10-31T04:12:08","modified_gmt":"2021-10-31T04:12:08","slug":"macri-se-llevo-foto-de-unidad-y-la-sintonia-fina-del-circulo-rojo","status":"publish","type":"post","link":"http:\/\/fmdelpueblo.ar\/?p=522","title":{"rendered":"Macri se llev\u00f3 foto de unidad y la sinton\u00eda fina del C\u00edrculo Rojo"},"content":{"rendered":"<\/p>\n<p>En el primer encuentro personal con Juez despu\u00e9s de las Paso, todos destacan la cordialidad de ambos. El respaldo de la gente, la dirigencia y d\u00f3nde est\u00e1 la ventaja sobre Bullrich y Larreta.<br \/>\n <a href=\"https:\/\/www.perfil.com\/noticias\/cordoba\/macri-se-llevo-foto-de-unidad-y-la-sintonia-fina-del-circulo-rojo.phtml\">Leer m\u00e1s<\/a><\/p>\n","protected":false},"excerpt":{"rendered":"<p>En el primer encuentro personal con Juez despu\u00e9s de las Paso, todos destacan la cordialidad de ambos. El respaldo de la gente, la dirigencia y d\u00f3nde est\u00e1 la ventaja sobre Bullrich y Larreta. Leer m\u00e1s<\/p>\n","protected":false},"author":0,"featured_media":0,"comment_status":"","ping_status":"","sticky":false,"template":"","format":"standard","meta":{"footnotes":""},"categories":[1],"tags":[],"class_list":["post-522","post","type-post","status-publish","format-standard","hentry","category-sin-categoria"],"_links":{"self":[{"href":"http:\/\/fmdelpueblo.ar\/index.php?rest_route=\/wp\/v2\/posts\/522","targetHints":{"allow":["GET"]}}],"collection":[{"href":"http:\/\/fmdelpueblo.ar\/index.php?rest_route=\/wp\/v2\/posts"}],"about":[{"href":"http:\/\/fmdelpueblo.ar\/index.php?rest_route=\/wp\/v2\/types\/post"}],"replies":[{"embeddable":true,"href":"http:\/\/fmdelpueblo.ar\/index.php?rest_route=%2Fwp%2Fv2%2Fcomments&post=522"}],"version-history":[{"count":0,"href":"http:\/\/fmdelpueblo.ar\/index.php?rest_route=\/wp\/v2\/posts\/522\/revisions"}],"wp:attachment":[{"href":"http:\/\/fmdelpueblo.ar\/index.php?rest_route=%2Fwp%2Fv2%2Fmedia&parent=522"}],"wp:term":[{"taxonomy":"category","embeddable":true,"href":"http:\/\/fmdelpueblo.ar\/index.php?rest_route=%2Fwp%2Fv2%2Fcategories&post=522"},{"taxonomy":"post_tag","embeddable":true,"href":"http:\/\/fmdelpueblo.ar\/index.php?rest_route=%2Fwp%2Fv2%2Ftags&post=522"}],"curies":[{"name":"wp","href":"https:\/\/api.w.org\/{rel}","templated":true}]}}