{"id":521,"date":"2021-10-31T04:12:08","date_gmt":"2021-10-31T04:12:08","guid":{"rendered":"https:\/\/fmdelpueblo.ar\/?p=521"},"modified":"2021-10-31T04:12:08","modified_gmt":"2021-10-31T04:12:08","slug":"lanzado-al-2023-schiaretti-ya-piensa-en-una-agenda-en-comun-con-la-oposicion","status":"publish","type":"post","link":"http:\/\/fmdelpueblo.ar\/?p=521","title":{"rendered":"Lanzado al 2023, Schiaretti ya piensa en una agenda en com\u00fan con la oposici\u00f3n"},"content":{"rendered":"<\/p>\n<p>Campo, justicia, coparticipaci\u00f3n, econom\u00edas regionales y defensa de la industria. C\u00f3mo se gest\u00f3 el acuerdo y qui\u00e9nes son los interlocutores. El impulso del \u201cpartido provincial\u201d.<br \/>\n <a href=\"https:\/\/www.perfil.com\/noticias\/cordoba\/lanzado-al-2023-schiaretti-ya-piensa-en-una-agenda-en-comun-con-la-oposicion.phtml\">Leer m\u00e1s<\/a><\/p>\n","protected":false},"excerpt":{"rendered":"<p>Campo, justicia, coparticipaci\u00f3n, econom\u00edas regionales y defensa de la industria. C\u00f3mo se gest\u00f3 el acuerdo y qui\u00e9nes son los interlocutores. El impulso del \u201cpartido provincial\u201d. Leer m\u00e1s<\/p>\n","protected":false},"author":0,"featured_media":0,"comment_status":"","ping_status":"","sticky":false,"template":"","format":"standard","meta":{"footnotes":""},"categories":[1],"tags":[],"class_list":["post-521","post","type-post","status-publish","format-standard","hentry","category-sin-categoria"],"_links":{"self":[{"href":"http:\/\/fmdelpueblo.ar\/index.php?rest_route=\/wp\/v2\/posts\/521","targetHints":{"allow":["GET"]}}],"collection":[{"href":"http:\/\/fmdelpueblo.ar\/index.php?rest_route=\/wp\/v2\/posts"}],"about":[{"href":"http:\/\/fmdelpueblo.ar\/index.php?rest_route=\/wp\/v2\/types\/post"}],"replies":[{"embeddable":true,"href":"http:\/\/fmdelpueblo.ar\/index.php?rest_route=%2Fwp%2Fv2%2Fcomments&post=521"}],"version-history":[{"count":0,"href":"http:\/\/fmdelpueblo.ar\/index.php?rest_route=\/wp\/v2\/posts\/521\/revisions"}],"wp:attachment":[{"href":"http:\/\/fmdelpueblo.ar\/index.php?rest_route=%2Fwp%2Fv2%2Fmedia&parent=521"}],"wp:term":[{"taxonomy":"category","embeddable":true,"href":"http:\/\/fmdelpueblo.ar\/index.php?rest_route=%2Fwp%2Fv2%2Fcategories&post=521"},{"taxonomy":"post_tag","embeddable":true,"href":"http:\/\/fmdelpueblo.ar\/index.php?rest_route=%2Fwp%2Fv2%2Ftags&post=521"}],"curies":[{"name":"wp","href":"https:\/\/api.w.org\/{rel}","templated":true}]}}