{"id":520,"date":"2021-10-31T02:18:50","date_gmt":"2021-10-31T02:18:50","guid":{"rendered":"https:\/\/fmdelpueblo.ar\/?p=520"},"modified":"2021-10-31T02:18:50","modified_gmt":"2021-10-31T02:18:50","slug":"macron-confeso-que-hablo-con-alberto-fernandez-sobre-las-dictaduras-de-nicaragua-y-venezuela","status":"publish","type":"post","link":"http:\/\/fmdelpueblo.ar\/?p=520","title":{"rendered":"Macron confes\u00f3 que habl\u00f3 con Alberto Fern\u00e1ndez sobre las dictaduras de Nicaragua y Venezuela"},"content":{"rendered":"<\/p>\n<p>El presidente de Francia se refiri\u00f3 al encuentro con su par argentino y, mediante un tuit redactado en castellano revel\u00f3 qu\u00e9 temas se discutieron en la reuni\u00f3n bilateral. <a href=\"https:\/\/www.perfil.com\/noticias\/actualidad\/emmanuel-macron-hablo-alberto-fernandez-sobre-dictaduras-nicaragua-venezuela.phtml\">Leer m\u00e1s<\/a><\/p>\n","protected":false},"excerpt":{"rendered":"<p>El presidente de Francia se refiri\u00f3 al encuentro con su par argentino y, mediante un tuit redactado en castellano revel\u00f3 qu\u00e9 temas se discutieron en la reuni\u00f3n bilateral. Leer m\u00e1s<\/p>\n","protected":false},"author":0,"featured_media":0,"comment_status":"","ping_status":"","sticky":false,"template":"","format":"standard","meta":{"footnotes":""},"categories":[1],"tags":[],"class_list":["post-520","post","type-post","status-publish","format-standard","hentry","category-sin-categoria"],"_links":{"self":[{"href":"http:\/\/fmdelpueblo.ar\/index.php?rest_route=\/wp\/v2\/posts\/520","targetHints":{"allow":["GET"]}}],"collection":[{"href":"http:\/\/fmdelpueblo.ar\/index.php?rest_route=\/wp\/v2\/posts"}],"about":[{"href":"http:\/\/fmdelpueblo.ar\/index.php?rest_route=\/wp\/v2\/types\/post"}],"replies":[{"embeddable":true,"href":"http:\/\/fmdelpueblo.ar\/index.php?rest_route=%2Fwp%2Fv2%2Fcomments&post=520"}],"version-history":[{"count":0,"href":"http:\/\/fmdelpueblo.ar\/index.php?rest_route=\/wp\/v2\/posts\/520\/revisions"}],"wp:attachment":[{"href":"http:\/\/fmdelpueblo.ar\/index.php?rest_route=%2Fwp%2Fv2%2Fmedia&parent=520"}],"wp:term":[{"taxonomy":"category","embeddable":true,"href":"http:\/\/fmdelpueblo.ar\/index.php?rest_route=%2Fwp%2Fv2%2Fcategories&post=520"},{"taxonomy":"post_tag","embeddable":true,"href":"http:\/\/fmdelpueblo.ar\/index.php?rest_route=%2Fwp%2Fv2%2Ftags&post=520"}],"curies":[{"name":"wp","href":"https:\/\/api.w.org\/{rel}","templated":true}]}}