{"id":51938,"date":"2026-09-06T16:09:04","date_gmt":"2026-09-06T19:09:04","guid":{"rendered":"http:\/\/fmdelpueblo.ar\/?p=51938"},"modified":"2026-09-06T16:09:04","modified_gmt":"2026-09-06T19:09:04","slug":"malena-garcia-arredondo-especialista-en-aparato-digestivo-la-mejor-dieta-para-nuestra-microbiota-es-la-mas-diversa","status":"publish","type":"post","link":"http:\/\/fmdelpueblo.ar\/?p=51938","title":{"rendered":"Malena Garc\u00eda Arredondo, especialista en aparato digestivo: \u00abLa mejor dieta para nuestra microbiota es la m\u00e1s diversa\u00bb"},"content":{"rendered":"<p>La doctora espa\u00f1ola explic\u00f3 que adem\u00e1s del tipo de alimentaci\u00f3n hay otros factores que influyen en el est\u00f3mago y el intestino.Qu\u00e9 comidas recomienda para tener una vida sana.<\/p>","protected":false},"excerpt":{"rendered":"<p>La doctora espa\u00f1ola explic\u00f3 que adem\u00e1s del tipo de alimentaci\u00f3n hay otros factores que influyen en el est\u00f3mago y el intestino.Qu\u00e9 comidas recomienda para tener una vida sana.<\/p>\n","protected":false},"author":0,"featured_media":0,"comment_status":"","ping_status":"","sticky":false,"template":"","format":"standard","meta":{"footnotes":""},"categories":[1],"tags":[],"class_list":["post-51938","post","type-post","status-publish","format-standard","has-post-thumbnail","hentry","category-sin-categoria"],"_links":{"self":[{"href":"http:\/\/fmdelpueblo.ar\/index.php?rest_route=\/wp\/v2\/posts\/51938","targetHints":{"allow":["GET"]}}],"collection":[{"href":"http:\/\/fmdelpueblo.ar\/index.php?rest_route=\/wp\/v2\/posts"}],"about":[{"href":"http:\/\/fmdelpueblo.ar\/index.php?rest_route=\/wp\/v2\/types\/post"}],"replies":[{"embeddable":true,"href":"http:\/\/fmdelpueblo.ar\/index.php?rest_route=%2Fwp%2Fv2%2Fcomments&post=51938"}],"version-history":[{"count":0,"href":"http:\/\/fmdelpueblo.ar\/index.php?rest_route=\/wp\/v2\/posts\/51938\/revisions"}],"wp:attachment":[{"href":"http:\/\/fmdelpueblo.ar\/index.php?rest_route=%2Fwp%2Fv2%2Fmedia&parent=51938"}],"wp:term":[{"taxonomy":"category","embeddable":true,"href":"http:\/\/fmdelpueblo.ar\/index.php?rest_route=%2Fwp%2Fv2%2Fcategories&post=51938"},{"taxonomy":"post_tag","embeddable":true,"href":"http:\/\/fmdelpueblo.ar\/index.php?rest_route=%2Fwp%2Fv2%2Ftags&post=51938"}],"curies":[{"name":"wp","href":"https:\/\/api.w.org\/{rel}","templated":true}]}}