{"id":51937,"date":"2026-09-06T16:09:03","date_gmt":"2026-09-06T19:09:03","guid":{"rendered":"http:\/\/fmdelpueblo.ar\/?p=51937"},"modified":"2026-09-06T16:09:03","modified_gmt":"2026-09-06T19:09:03","slug":"sebastian-yatra-sorprendio-al-opinar-sobre-el-conflicto-de-tini-stoessel-con-su-padre","status":"publish","type":"post","link":"http:\/\/fmdelpueblo.ar\/?p=51937","title":{"rendered":"Sebasti\u00e1n Yatra sorprendi\u00f3 al opinar sobre el conflicto de Tini Stoessel con su padre"},"content":{"rendered":"<p>El cantante colombiano fue consultado por la situaci\u00f3n familiar de su expareja.Adem\u00e1s, se refiri\u00f3 a la pr\u00f3xima boda de la cantante con Rodrigo De Paul.<\/p>","protected":false},"excerpt":{"rendered":"<p>El cantante colombiano fue consultado por la situaci\u00f3n familiar de su expareja.Adem\u00e1s, se refiri\u00f3 a la pr\u00f3xima boda de la cantante con Rodrigo De Paul.<\/p>\n","protected":false},"author":0,"featured_media":0,"comment_status":"","ping_status":"","sticky":false,"template":"","format":"standard","meta":{"footnotes":""},"categories":[1],"tags":[],"class_list":["post-51937","post","type-post","status-publish","format-standard","has-post-thumbnail","hentry","category-sin-categoria"],"_links":{"self":[{"href":"http:\/\/fmdelpueblo.ar\/index.php?rest_route=\/wp\/v2\/posts\/51937","targetHints":{"allow":["GET"]}}],"collection":[{"href":"http:\/\/fmdelpueblo.ar\/index.php?rest_route=\/wp\/v2\/posts"}],"about":[{"href":"http:\/\/fmdelpueblo.ar\/index.php?rest_route=\/wp\/v2\/types\/post"}],"replies":[{"embeddable":true,"href":"http:\/\/fmdelpueblo.ar\/index.php?rest_route=%2Fwp%2Fv2%2Fcomments&post=51937"}],"version-history":[{"count":0,"href":"http:\/\/fmdelpueblo.ar\/index.php?rest_route=\/wp\/v2\/posts\/51937\/revisions"}],"wp:attachment":[{"href":"http:\/\/fmdelpueblo.ar\/index.php?rest_route=%2Fwp%2Fv2%2Fmedia&parent=51937"}],"wp:term":[{"taxonomy":"category","embeddable":true,"href":"http:\/\/fmdelpueblo.ar\/index.php?rest_route=%2Fwp%2Fv2%2Fcategories&post=51937"},{"taxonomy":"post_tag","embeddable":true,"href":"http:\/\/fmdelpueblo.ar\/index.php?rest_route=%2Fwp%2Fv2%2Ftags&post=51937"}],"curies":[{"name":"wp","href":"https:\/\/api.w.org\/{rel}","templated":true}]}}