{"id":51932,"date":"2026-09-06T16:09:00","date_gmt":"2026-09-06T19:09:00","guid":{"rendered":"http:\/\/fmdelpueblo.ar\/?p=51932"},"modified":"2026-09-06T16:09:00","modified_gmt":"2026-09-06T19:09:00","slug":"elisabeth-reynes-espanola-subcampeona-en-miss-mundo-2026-soy-dislexica-se-lo-que-se-siente-dudar-de-uno-mismo","status":"publish","type":"post","link":"http:\/\/fmdelpueblo.ar\/?p=51932","title":{"rendered":"Elisabeth Reyn\u00e9s, espa\u00f1ola, subcampeona en Miss Mundo 2026: \u201cSoy disl\u00e9xica. S\u00e9 lo que se siente dudar de uno mismo\u201d"},"content":{"rendered":"<p>Con 22 a\u00f1os, la joven se alz\u00f3 recientemente como subcampeona en el c\u00e9lebre certamen de belleza.La mallorquina public\u00f3 un libro infantil para quienes tienen el mismo trastorno del aprendizaje que ella.<\/p>","protected":false},"excerpt":{"rendered":"<p>Con 22 a\u00f1os, la joven se alz\u00f3 recientemente como subcampeona en el c\u00e9lebre certamen de belleza.La mallorquina public\u00f3 un libro infantil para quienes tienen el mismo trastorno del aprendizaje que ella.<\/p>\n","protected":false},"author":0,"featured_media":0,"comment_status":"","ping_status":"","sticky":false,"template":"","format":"standard","meta":{"footnotes":""},"categories":[1],"tags":[],"class_list":["post-51932","post","type-post","status-publish","format-standard","has-post-thumbnail","hentry","category-sin-categoria"],"_links":{"self":[{"href":"http:\/\/fmdelpueblo.ar\/index.php?rest_route=\/wp\/v2\/posts\/51932","targetHints":{"allow":["GET"]}}],"collection":[{"href":"http:\/\/fmdelpueblo.ar\/index.php?rest_route=\/wp\/v2\/posts"}],"about":[{"href":"http:\/\/fmdelpueblo.ar\/index.php?rest_route=\/wp\/v2\/types\/post"}],"replies":[{"embeddable":true,"href":"http:\/\/fmdelpueblo.ar\/index.php?rest_route=%2Fwp%2Fv2%2Fcomments&post=51932"}],"version-history":[{"count":0,"href":"http:\/\/fmdelpueblo.ar\/index.php?rest_route=\/wp\/v2\/posts\/51932\/revisions"}],"wp:attachment":[{"href":"http:\/\/fmdelpueblo.ar\/index.php?rest_route=%2Fwp%2Fv2%2Fmedia&parent=51932"}],"wp:term":[{"taxonomy":"category","embeddable":true,"href":"http:\/\/fmdelpueblo.ar\/index.php?rest_route=%2Fwp%2Fv2%2Fcategories&post=51932"},{"taxonomy":"post_tag","embeddable":true,"href":"http:\/\/fmdelpueblo.ar\/index.php?rest_route=%2Fwp%2Fv2%2Ftags&post=51932"}],"curies":[{"name":"wp","href":"https:\/\/api.w.org\/{rel}","templated":true}]}}