{"id":51931,"date":"2026-09-06T16:08:59","date_gmt":"2026-09-06T19:08:59","guid":{"rendered":"http:\/\/fmdelpueblo.ar\/?p=51931"},"modified":"2026-09-06T16:08:59","modified_gmt":"2026-09-06T19:08:59","slug":"el-homenaje-a-lionel-messi-en-medio-del-clasico-de-rosario-los-hinchas-de-central-aplaudieron-pero-tambien-ovacionaron-a-fideo-di-maria","status":"publish","type":"post","link":"http:\/\/fmdelpueblo.ar\/?p=51931","title":{"rendered":"El homenaje a Lionel Messi en medio del cl\u00e1sico de Rosario: los hinchas de Central aplaudieron, pero tambi\u00e9n ovacionaron a Fideo Di Mar\u00eda"},"content":{"rendered":"<p>Tal como estableci\u00f3 la AFA, en el minuto 10 del encuentro en el estadio Gigante de Arroyito el encuentro se fren\u00f3 un minuto.Mir\u00e1 el video.<\/p>","protected":false},"excerpt":{"rendered":"<p>Tal como estableci\u00f3 la AFA, en el minuto 10 del encuentro en el estadio Gigante de Arroyito el encuentro se fren\u00f3 un minuto.Mir\u00e1 el video.<\/p>\n","protected":false},"author":0,"featured_media":0,"comment_status":"","ping_status":"","sticky":false,"template":"","format":"standard","meta":{"footnotes":""},"categories":[1],"tags":[],"class_list":["post-51931","post","type-post","status-publish","format-standard","has-post-thumbnail","hentry","category-sin-categoria"],"_links":{"self":[{"href":"http:\/\/fmdelpueblo.ar\/index.php?rest_route=\/wp\/v2\/posts\/51931","targetHints":{"allow":["GET"]}}],"collection":[{"href":"http:\/\/fmdelpueblo.ar\/index.php?rest_route=\/wp\/v2\/posts"}],"about":[{"href":"http:\/\/fmdelpueblo.ar\/index.php?rest_route=\/wp\/v2\/types\/post"}],"replies":[{"embeddable":true,"href":"http:\/\/fmdelpueblo.ar\/index.php?rest_route=%2Fwp%2Fv2%2Fcomments&post=51931"}],"version-history":[{"count":0,"href":"http:\/\/fmdelpueblo.ar\/index.php?rest_route=\/wp\/v2\/posts\/51931\/revisions"}],"wp:attachment":[{"href":"http:\/\/fmdelpueblo.ar\/index.php?rest_route=%2Fwp%2Fv2%2Fmedia&parent=51931"}],"wp:term":[{"taxonomy":"category","embeddable":true,"href":"http:\/\/fmdelpueblo.ar\/index.php?rest_route=%2Fwp%2Fv2%2Fcategories&post=51931"},{"taxonomy":"post_tag","embeddable":true,"href":"http:\/\/fmdelpueblo.ar\/index.php?rest_route=%2Fwp%2Fv2%2Ftags&post=51931"}],"curies":[{"name":"wp","href":"https:\/\/api.w.org\/{rel}","templated":true}]}}