{"id":51906,"date":"2026-09-06T12:09:01","date_gmt":"2026-09-06T15:09:01","guid":{"rendered":"http:\/\/fmdelpueblo.ar\/?p=51906"},"modified":"2026-09-06T12:09:01","modified_gmt":"2026-09-06T15:09:01","slug":"ricky-martin-en-la-mostra-de-venecia-es-una-pagina-muy-importante-de-mi-historia","status":"publish","type":"post","link":"http:\/\/fmdelpueblo.ar\/?p=51906","title":{"rendered":"Ricky Martin en la Mostra de Venecia: \u00abEs una p\u00e1gina muy importante de mi historia\u00bb"},"content":{"rendered":"<p>El int\u00e9rprete boricua debuta en el Festival de Venecia con \u00abHombre al agua\u00bb, dirigida por un cineasta mexicano, destacando su relevancia personal. El filme, que explora la manipulaci\u00f3n social, marca una colaboraci\u00f3n clave para el artista, quien tambi\u00e9n es productor de la obra.<\/p>","protected":false},"excerpt":{"rendered":"<p>El int\u00e9rprete boricua debuta en el Festival de Venecia con \u00abHombre al agua\u00bb, dirigida por un cineasta mexicano, destacando su relevancia personal. El filme, que explora la manipulaci\u00f3n social, marca una colaboraci\u00f3n clave para el artista, quien tambi\u00e9n es productor de la obra.<\/p>\n","protected":false},"author":0,"featured_media":0,"comment_status":"","ping_status":"","sticky":false,"template":"","format":"standard","meta":{"footnotes":""},"categories":[1],"tags":[],"class_list":["post-51906","post","type-post","status-publish","format-standard","has-post-thumbnail","hentry","category-sin-categoria"],"_links":{"self":[{"href":"http:\/\/fmdelpueblo.ar\/index.php?rest_route=\/wp\/v2\/posts\/51906","targetHints":{"allow":["GET"]}}],"collection":[{"href":"http:\/\/fmdelpueblo.ar\/index.php?rest_route=\/wp\/v2\/posts"}],"about":[{"href":"http:\/\/fmdelpueblo.ar\/index.php?rest_route=\/wp\/v2\/types\/post"}],"replies":[{"embeddable":true,"href":"http:\/\/fmdelpueblo.ar\/index.php?rest_route=%2Fwp%2Fv2%2Fcomments&post=51906"}],"version-history":[{"count":0,"href":"http:\/\/fmdelpueblo.ar\/index.php?rest_route=\/wp\/v2\/posts\/51906\/revisions"}],"wp:attachment":[{"href":"http:\/\/fmdelpueblo.ar\/index.php?rest_route=%2Fwp%2Fv2%2Fmedia&parent=51906"}],"wp:term":[{"taxonomy":"category","embeddable":true,"href":"http:\/\/fmdelpueblo.ar\/index.php?rest_route=%2Fwp%2Fv2%2Fcategories&post=51906"},{"taxonomy":"post_tag","embeddable":true,"href":"http:\/\/fmdelpueblo.ar\/index.php?rest_route=%2Fwp%2Fv2%2Ftags&post=51906"}],"curies":[{"name":"wp","href":"https:\/\/api.w.org\/{rel}","templated":true}]}}