{"id":51903,"date":"2026-09-06T12:08:59","date_gmt":"2026-09-06T15:08:59","guid":{"rendered":"http:\/\/fmdelpueblo.ar\/?p=51903"},"modified":"2026-09-06T12:08:59","modified_gmt":"2026-09-06T15:08:59","slug":"eeuu-niega-afirmacion-de-iran-de-que-ataco-un-barco-y-otras-noticias-de-oriente-medio","status":"publish","type":"post","link":"http:\/\/fmdelpueblo.ar\/?p=51903","title":{"rendered":"EEUU niega afirmaci\u00f3n de Ir\u00e1n de que atac\u00f3 un barco y otras noticias de Oriente Medio"},"content":{"rendered":"<p>Ir\u00e1n declar\u00f3 haber atacado una nave estadounidense en Ormuz tras tensiones recientes. Israel bombarde\u00f3 el sur de L\u00edbano, causando muertes y destruyendo un hospital.En Yemen, fuerzas gubernamentales recuperaron territorios de hut\u00edes, mientras naciones musulmanas condenan planes israel\u00edes de desalojo en Gaza.<\/p>","protected":false},"excerpt":{"rendered":"<p>Ir\u00e1n declar\u00f3 haber atacado una nave estadounidense en Ormuz tras tensiones recientes. Israel bombarde\u00f3 el sur de L\u00edbano, causando muertes y destruyendo un hospital.En Yemen, fuerzas gubernamentales recuperaron territorios de hut\u00edes, mientras naciones musulmanas condenan planes israel\u00edes de desalojo en Gaza.<\/p>\n","protected":false},"author":0,"featured_media":0,"comment_status":"","ping_status":"","sticky":false,"template":"","format":"standard","meta":{"footnotes":""},"categories":[1],"tags":[],"class_list":["post-51903","post","type-post","status-publish","format-standard","has-post-thumbnail","hentry","category-sin-categoria"],"_links":{"self":[{"href":"http:\/\/fmdelpueblo.ar\/index.php?rest_route=\/wp\/v2\/posts\/51903","targetHints":{"allow":["GET"]}}],"collection":[{"href":"http:\/\/fmdelpueblo.ar\/index.php?rest_route=\/wp\/v2\/posts"}],"about":[{"href":"http:\/\/fmdelpueblo.ar\/index.php?rest_route=\/wp\/v2\/types\/post"}],"replies":[{"embeddable":true,"href":"http:\/\/fmdelpueblo.ar\/index.php?rest_route=%2Fwp%2Fv2%2Fcomments&post=51903"}],"version-history":[{"count":0,"href":"http:\/\/fmdelpueblo.ar\/index.php?rest_route=\/wp\/v2\/posts\/51903\/revisions"}],"wp:attachment":[{"href":"http:\/\/fmdelpueblo.ar\/index.php?rest_route=%2Fwp%2Fv2%2Fmedia&parent=51903"}],"wp:term":[{"taxonomy":"category","embeddable":true,"href":"http:\/\/fmdelpueblo.ar\/index.php?rest_route=%2Fwp%2Fv2%2Fcategories&post=51903"},{"taxonomy":"post_tag","embeddable":true,"href":"http:\/\/fmdelpueblo.ar\/index.php?rest_route=%2Fwp%2Fv2%2Ftags&post=51903"}],"curies":[{"name":"wp","href":"https:\/\/api.w.org\/{rel}","templated":true}]}}