{"id":519,"date":"2021-10-31T00:23:14","date_gmt":"2021-10-31T00:23:14","guid":{"rendered":"https:\/\/fmdelpueblo.ar\/?p=519"},"modified":"2021-10-31T00:23:14","modified_gmt":"2021-10-31T00:23:14","slug":"martin-lousteau-critico-las-dos-jubilaciones-de-privilegio-de-cristina-kirchner-y-le-pidio-que-imite-a-alfonsin","status":"publish","type":"post","link":"http:\/\/fmdelpueblo.ar\/?p=519","title":{"rendered":"Mart\u00edn Lousteau critic\u00f3 las dos jubilaciones de privilegio de Cristina Kirchner y le pidi\u00f3 que imite a Alfons\u00edn"},"content":{"rendered":"<\/p>\n<p>En un encuentro con j\u00f3venes en Villa Lugano, el senador inst\u00f3 al gobierno del Frente de Todos, \u00abque usa la imagen\u00bb del expresidente, a \u00abimitar su decencia\u00bb. <a href=\"https:\/\/www.perfil.com\/noticias\/politica\/martin-lousteau-critico-dos-jubilaciones-de-privilegio-cristina-kirchner-pidio-imite-raul-alfonsin.phtml\">Leer m\u00e1s<\/a><\/p>\n","protected":false},"excerpt":{"rendered":"<p>En un encuentro con j\u00f3venes en Villa Lugano, el senador inst\u00f3 al gobierno del Frente de Todos, \u00abque usa la imagen\u00bb del expresidente, a \u00abimitar su decencia\u00bb. Leer m\u00e1s<\/p>\n","protected":false},"author":0,"featured_media":0,"comment_status":"","ping_status":"","sticky":false,"template":"","format":"standard","meta":{"footnotes":""},"categories":[1],"tags":[],"class_list":["post-519","post","type-post","status-publish","format-standard","hentry","category-sin-categoria"],"_links":{"self":[{"href":"http:\/\/fmdelpueblo.ar\/index.php?rest_route=\/wp\/v2\/posts\/519","targetHints":{"allow":["GET"]}}],"collection":[{"href":"http:\/\/fmdelpueblo.ar\/index.php?rest_route=\/wp\/v2\/posts"}],"about":[{"href":"http:\/\/fmdelpueblo.ar\/index.php?rest_route=\/wp\/v2\/types\/post"}],"replies":[{"embeddable":true,"href":"http:\/\/fmdelpueblo.ar\/index.php?rest_route=%2Fwp%2Fv2%2Fcomments&post=519"}],"version-history":[{"count":0,"href":"http:\/\/fmdelpueblo.ar\/index.php?rest_route=\/wp\/v2\/posts\/519\/revisions"}],"wp:attachment":[{"href":"http:\/\/fmdelpueblo.ar\/index.php?rest_route=%2Fwp%2Fv2%2Fmedia&parent=519"}],"wp:term":[{"taxonomy":"category","embeddable":true,"href":"http:\/\/fmdelpueblo.ar\/index.php?rest_route=%2Fwp%2Fv2%2Fcategories&post=519"},{"taxonomy":"post_tag","embeddable":true,"href":"http:\/\/fmdelpueblo.ar\/index.php?rest_route=%2Fwp%2Fv2%2Ftags&post=519"}],"curies":[{"name":"wp","href":"https:\/\/api.w.org\/{rel}","templated":true}]}}