{"id":51899,"date":"2026-09-06T11:09:00","date_gmt":"2026-09-06T14:09:00","guid":{"rendered":"http:\/\/fmdelpueblo.ar\/?p=51899"},"modified":"2026-09-06T11:09:00","modified_gmt":"2026-09-06T14:09:00","slug":"convierten-restos-de-cafe-llevados-a-350-grados-celsius-en-un-carbon-vegetal-que-puede-reemplazar-parte-de-la-arena-en-una-mezcla-de-hormigon-para-la-construccion-el-material-resultante-presento-una","status":"publish","type":"post","link":"http:\/\/fmdelpueblo.ar\/?p=51899","title":{"rendered":"Convierten restos de caf\u00e9 llevados a 350 grados Celsius en un carb\u00f3n vegetal que puede reemplazar parte de la arena en una mezcla de hormig\u00f3n para la construcci\u00f3n: el material resultante present\u00f3 una resistencia 29,3% mayor"},"content":{"rendered":"<p>Investigadores transformaron residuos del caf\u00e9 en un tipo de biocarb\u00f3n capaz de reemplazar parte de la arena utilizada en el concreto. <\/p>","protected":false},"excerpt":{"rendered":"<p>Investigadores transformaron residuos del caf\u00e9 en un tipo de biocarb\u00f3n capaz de reemplazar parte de la arena utilizada en el concreto.<\/p>\n","protected":false},"author":0,"featured_media":0,"comment_status":"","ping_status":"","sticky":false,"template":"","format":"standard","meta":{"footnotes":""},"categories":[1],"tags":[],"class_list":["post-51899","post","type-post","status-publish","format-standard","has-post-thumbnail","hentry","category-sin-categoria"],"_links":{"self":[{"href":"http:\/\/fmdelpueblo.ar\/index.php?rest_route=\/wp\/v2\/posts\/51899","targetHints":{"allow":["GET"]}}],"collection":[{"href":"http:\/\/fmdelpueblo.ar\/index.php?rest_route=\/wp\/v2\/posts"}],"about":[{"href":"http:\/\/fmdelpueblo.ar\/index.php?rest_route=\/wp\/v2\/types\/post"}],"replies":[{"embeddable":true,"href":"http:\/\/fmdelpueblo.ar\/index.php?rest_route=%2Fwp%2Fv2%2Fcomments&post=51899"}],"version-history":[{"count":0,"href":"http:\/\/fmdelpueblo.ar\/index.php?rest_route=\/wp\/v2\/posts\/51899\/revisions"}],"wp:attachment":[{"href":"http:\/\/fmdelpueblo.ar\/index.php?rest_route=%2Fwp%2Fv2%2Fmedia&parent=51899"}],"wp:term":[{"taxonomy":"category","embeddable":true,"href":"http:\/\/fmdelpueblo.ar\/index.php?rest_route=%2Fwp%2Fv2%2Fcategories&post=51899"},{"taxonomy":"post_tag","embeddable":true,"href":"http:\/\/fmdelpueblo.ar\/index.php?rest_route=%2Fwp%2Fv2%2Ftags&post=51899"}],"curies":[{"name":"wp","href":"https:\/\/api.w.org\/{rel}","templated":true}]}}