{"id":51898,"date":"2026-09-06T11:09:00","date_gmt":"2026-09-06T14:09:00","guid":{"rendered":"http:\/\/fmdelpueblo.ar\/?p=51898"},"modified":"2026-09-06T11:09:00","modified_gmt":"2026-09-06T14:09:00","slug":"iran-dice-que-ataco-barco-de-eeuu-en-el-estrecho-de-ormuz-pero-washington-lo-niega","status":"publish","type":"post","link":"http:\/\/fmdelpueblo.ar\/?p=51898","title":{"rendered":"Ir\u00e1n dice que atac\u00f3 barco de EEUU en el estrecho de Ormuz, pero Washington lo niega"},"content":{"rendered":"<p>Teher\u00e1n afirma haber atacado un dron estadounidense en Ormuz, aumentando la tensi\u00f3n tras la reanudaci\u00f3n de hostilidades con Washington.El conflicto persiste pese a intentos de alto el fuego, con Estados Unidos golpeando a petroleros iran\u00edes y Teher\u00e1n desafiando sanciones.<\/p>","protected":false},"excerpt":{"rendered":"<p>Teher\u00e1n afirma haber atacado un dron estadounidense en Ormuz, aumentando la tensi\u00f3n tras la reanudaci\u00f3n de hostilidades con Washington.El conflicto persiste pese a intentos de alto el fuego, con Estados Unidos golpeando a petroleros iran\u00edes y Teher\u00e1n desafiando sanciones.<\/p>\n","protected":false},"author":0,"featured_media":0,"comment_status":"","ping_status":"","sticky":false,"template":"","format":"standard","meta":{"footnotes":""},"categories":[1],"tags":[],"class_list":["post-51898","post","type-post","status-publish","format-standard","has-post-thumbnail","hentry","category-sin-categoria"],"_links":{"self":[{"href":"http:\/\/fmdelpueblo.ar\/index.php?rest_route=\/wp\/v2\/posts\/51898","targetHints":{"allow":["GET"]}}],"collection":[{"href":"http:\/\/fmdelpueblo.ar\/index.php?rest_route=\/wp\/v2\/posts"}],"about":[{"href":"http:\/\/fmdelpueblo.ar\/index.php?rest_route=\/wp\/v2\/types\/post"}],"replies":[{"embeddable":true,"href":"http:\/\/fmdelpueblo.ar\/index.php?rest_route=%2Fwp%2Fv2%2Fcomments&post=51898"}],"version-history":[{"count":0,"href":"http:\/\/fmdelpueblo.ar\/index.php?rest_route=\/wp\/v2\/posts\/51898\/revisions"}],"wp:attachment":[{"href":"http:\/\/fmdelpueblo.ar\/index.php?rest_route=%2Fwp%2Fv2%2Fmedia&parent=51898"}],"wp:term":[{"taxonomy":"category","embeddable":true,"href":"http:\/\/fmdelpueblo.ar\/index.php?rest_route=%2Fwp%2Fv2%2Fcategories&post=51898"},{"taxonomy":"post_tag","embeddable":true,"href":"http:\/\/fmdelpueblo.ar\/index.php?rest_route=%2Fwp%2Fv2%2Ftags&post=51898"}],"curies":[{"name":"wp","href":"https:\/\/api.w.org\/{rel}","templated":true}]}}