{"id":51887,"date":"2026-09-06T10:08:57","date_gmt":"2026-09-06T13:08:57","guid":{"rendered":"http:\/\/fmdelpueblo.ar\/?p=51887"},"modified":"2026-09-06T10:08:57","modified_gmt":"2026-09-06T13:08:57","slug":"javier-milei-y-sus-medidas-en-vivo-tras-los-anuncios-por-malvinas-el-gobierno-suma-el-apoyo-de-empresarios-al-reclamo-por-las-islas","status":"publish","type":"post","link":"http:\/\/fmdelpueblo.ar\/?p=51887","title":{"rendered":"Javier Milei y sus medidas EN VIVO: tras los anuncios por Malvinas, el Gobierno suma el apoyo de empresarios al reclamo por las Islas"},"content":{"rendered":"<p>Las empresas integrantes del llamado Grupo de los Seis (G6) salieron a respaldar las medidas impulsadas por el Ejecutivo en el marco del reclamo por Malvinas.Adem\u00e1s, este s\u00e1bado las tres empresas de servicios petroleros m\u00e1s grandes del mundo hab\u00edan anunciado que no har\u00e1n negocios en las Islas.<\/p>","protected":false},"excerpt":{"rendered":"<p>Las empresas integrantes del llamado Grupo de los Seis (G6) salieron a respaldar las medidas impulsadas por el Ejecutivo en el marco del reclamo por Malvinas.Adem\u00e1s, este s\u00e1bado las tres empresas de servicios petroleros m\u00e1s grandes del mundo hab\u00edan anunciado que no har\u00e1n negocios en las Islas.<\/p>\n","protected":false},"author":0,"featured_media":0,"comment_status":"","ping_status":"","sticky":false,"template":"","format":"standard","meta":{"footnotes":""},"categories":[1],"tags":[],"class_list":["post-51887","post","type-post","status-publish","format-standard","has-post-thumbnail","hentry","category-sin-categoria"],"_links":{"self":[{"href":"http:\/\/fmdelpueblo.ar\/index.php?rest_route=\/wp\/v2\/posts\/51887","targetHints":{"allow":["GET"]}}],"collection":[{"href":"http:\/\/fmdelpueblo.ar\/index.php?rest_route=\/wp\/v2\/posts"}],"about":[{"href":"http:\/\/fmdelpueblo.ar\/index.php?rest_route=\/wp\/v2\/types\/post"}],"replies":[{"embeddable":true,"href":"http:\/\/fmdelpueblo.ar\/index.php?rest_route=%2Fwp%2Fv2%2Fcomments&post=51887"}],"version-history":[{"count":0,"href":"http:\/\/fmdelpueblo.ar\/index.php?rest_route=\/wp\/v2\/posts\/51887\/revisions"}],"wp:attachment":[{"href":"http:\/\/fmdelpueblo.ar\/index.php?rest_route=%2Fwp%2Fv2%2Fmedia&parent=51887"}],"wp:term":[{"taxonomy":"category","embeddable":true,"href":"http:\/\/fmdelpueblo.ar\/index.php?rest_route=%2Fwp%2Fv2%2Fcategories&post=51887"},{"taxonomy":"post_tag","embeddable":true,"href":"http:\/\/fmdelpueblo.ar\/index.php?rest_route=%2Fwp%2Fv2%2Ftags&post=51887"}],"curies":[{"name":"wp","href":"https:\/\/api.w.org\/{rel}","templated":true}]}}