{"id":51884,"date":"2026-09-06T10:08:55","date_gmt":"2026-09-06T13:08:55","guid":{"rendered":"http:\/\/fmdelpueblo.ar\/?p=51884"},"modified":"2026-09-06T10:08:55","modified_gmt":"2026-09-06T13:08:55","slug":"el-eternauta-2-mientras-nueva-temporada-no-tiene-fecha-de-estreno-asi-es-el-libro-que-recupera-los-cuentos-de-ciencia-ficcion-de-oesterheld","status":"publish","type":"post","link":"http:\/\/fmdelpueblo.ar\/?p=51884","title":{"rendered":"El Eternauta 2: mientras nueva temporada no tiene fecha de estreno, as\u00ed es el libro que recupera los cuentos de ciencia ficci\u00f3n de Oesterheld"},"content":{"rendered":"<p>El \u00e1rbol de la buena muerte y otros cuentos recupera relatos de ciencia ficci\u00f3n de H\u00e9ctor Germ\u00e1n Oesterheld.El libro aparece tras el fen\u00f3meno mundial de El Eternauta y justo para el D\u00eda de la Historieta Argentina.<\/p>","protected":false},"excerpt":{"rendered":"<p>El \u00e1rbol de la buena muerte y otros cuentos recupera relatos de ciencia ficci\u00f3n de H\u00e9ctor Germ\u00e1n Oesterheld.El libro aparece tras el fen\u00f3meno mundial de El Eternauta y justo para el D\u00eda de la Historieta Argentina.<\/p>\n","protected":false},"author":0,"featured_media":0,"comment_status":"","ping_status":"","sticky":false,"template":"","format":"standard","meta":{"footnotes":""},"categories":[1],"tags":[],"class_list":["post-51884","post","type-post","status-publish","format-standard","has-post-thumbnail","hentry","category-sin-categoria"],"_links":{"self":[{"href":"http:\/\/fmdelpueblo.ar\/index.php?rest_route=\/wp\/v2\/posts\/51884","targetHints":{"allow":["GET"]}}],"collection":[{"href":"http:\/\/fmdelpueblo.ar\/index.php?rest_route=\/wp\/v2\/posts"}],"about":[{"href":"http:\/\/fmdelpueblo.ar\/index.php?rest_route=\/wp\/v2\/types\/post"}],"replies":[{"embeddable":true,"href":"http:\/\/fmdelpueblo.ar\/index.php?rest_route=%2Fwp%2Fv2%2Fcomments&post=51884"}],"version-history":[{"count":0,"href":"http:\/\/fmdelpueblo.ar\/index.php?rest_route=\/wp\/v2\/posts\/51884\/revisions"}],"wp:attachment":[{"href":"http:\/\/fmdelpueblo.ar\/index.php?rest_route=%2Fwp%2Fv2%2Fmedia&parent=51884"}],"wp:term":[{"taxonomy":"category","embeddable":true,"href":"http:\/\/fmdelpueblo.ar\/index.php?rest_route=%2Fwp%2Fv2%2Fcategories&post=51884"},{"taxonomy":"post_tag","embeddable":true,"href":"http:\/\/fmdelpueblo.ar\/index.php?rest_route=%2Fwp%2Fv2%2Ftags&post=51884"}],"curies":[{"name":"wp","href":"https:\/\/api.w.org\/{rel}","templated":true}]}}