{"id":51883,"date":"2026-09-06T10:08:55","date_gmt":"2026-09-06T13:08:55","guid":{"rendered":"http:\/\/fmdelpueblo.ar\/?p=51883"},"modified":"2026-09-06T10:08:55","modified_gmt":"2026-09-06T13:08:55","slug":"alerta-por-frio-extremo-hoy-la-sensacion-termica-llego-a-02-grados-en-la-ciudad-y-el-pronostico-del-smn-dice-que-siguen-las-bajas-temperatura","status":"publish","type":"post","link":"http:\/\/fmdelpueblo.ar\/?p=51883","title":{"rendered":"Alerta por fr\u00edo extremo hoy: la sensaci\u00f3n t\u00e9rmica lleg\u00f3 a 0,2 grados en la Ciudad y el pron\u00f3stico del SMN dice que siguen las bajas temperatura"},"content":{"rendered":"<p>A las 8 de la ma\u00f1ana se registr\u00f3 el momento m\u00e1s g\u00e9lido de este domingo 6 de septiembre.D\u00f3nde rigen alertas meteorol\u00f3gicas.<\/p>","protected":false},"excerpt":{"rendered":"<p>A las 8 de la ma\u00f1ana se registr\u00f3 el momento m\u00e1s g\u00e9lido de este domingo 6 de septiembre.D\u00f3nde rigen alertas meteorol\u00f3gicas.<\/p>\n","protected":false},"author":0,"featured_media":0,"comment_status":"","ping_status":"","sticky":false,"template":"","format":"standard","meta":{"footnotes":""},"categories":[1],"tags":[],"class_list":["post-51883","post","type-post","status-publish","format-standard","has-post-thumbnail","hentry","category-sin-categoria"],"_links":{"self":[{"href":"http:\/\/fmdelpueblo.ar\/index.php?rest_route=\/wp\/v2\/posts\/51883","targetHints":{"allow":["GET"]}}],"collection":[{"href":"http:\/\/fmdelpueblo.ar\/index.php?rest_route=\/wp\/v2\/posts"}],"about":[{"href":"http:\/\/fmdelpueblo.ar\/index.php?rest_route=\/wp\/v2\/types\/post"}],"replies":[{"embeddable":true,"href":"http:\/\/fmdelpueblo.ar\/index.php?rest_route=%2Fwp%2Fv2%2Fcomments&post=51883"}],"version-history":[{"count":0,"href":"http:\/\/fmdelpueblo.ar\/index.php?rest_route=\/wp\/v2\/posts\/51883\/revisions"}],"wp:attachment":[{"href":"http:\/\/fmdelpueblo.ar\/index.php?rest_route=%2Fwp%2Fv2%2Fmedia&parent=51883"}],"wp:term":[{"taxonomy":"category","embeddable":true,"href":"http:\/\/fmdelpueblo.ar\/index.php?rest_route=%2Fwp%2Fv2%2Fcategories&post=51883"},{"taxonomy":"post_tag","embeddable":true,"href":"http:\/\/fmdelpueblo.ar\/index.php?rest_route=%2Fwp%2Fv2%2Ftags&post=51883"}],"curies":[{"name":"wp","href":"https:\/\/api.w.org\/{rel}","templated":true}]}}