{"id":51880,"date":"2026-09-06T09:08:58","date_gmt":"2026-09-06T12:08:58","guid":{"rendered":"http:\/\/fmdelpueblo.ar\/?p=51880"},"modified":"2026-09-06T09:08:58","modified_gmt":"2026-09-06T12:08:58","slug":"slavoj-zizek-filosofo-las-palabras-ya-no-se-toman-en-serio","status":"publish","type":"post","link":"http:\/\/fmdelpueblo.ar\/?p=51880","title":{"rendered":"Slavoj \u017di\u017eek, fil\u00f3sofo: \u00abLas palabras ya no se toman en serio\u00bb"},"content":{"rendered":"<p>Es director del Instituto Birkbeck de Humanidades y disc\u00edpulo de Lacan. En <em>Una izquierda que se atreva a decir su nombr<\/em>e, propone abandonar las proclamas identitarias y de autenticidad. As\u00ed, imagina, salvaremos al mundo del desm\u00e1n tecnocr\u00e1tico y capitalista que conduce al caos.<\/p>","protected":false},"excerpt":{"rendered":"<p>Es director del Instituto Birkbeck de Humanidades y disc\u00edpulo de Lacan. En Una izquierda que se atreva a decir su nombre, propone abandonar las proclamas identitarias y de autenticidad. As\u00ed, imagina, salvaremos al mundo del desm\u00e1n tecnocr\u00e1tico y capitalista que conduce al caos.<\/p>\n","protected":false},"author":0,"featured_media":0,"comment_status":"","ping_status":"","sticky":false,"template":"","format":"standard","meta":{"footnotes":""},"categories":[1],"tags":[],"class_list":["post-51880","post","type-post","status-publish","format-standard","has-post-thumbnail","hentry","category-sin-categoria"],"_links":{"self":[{"href":"http:\/\/fmdelpueblo.ar\/index.php?rest_route=\/wp\/v2\/posts\/51880","targetHints":{"allow":["GET"]}}],"collection":[{"href":"http:\/\/fmdelpueblo.ar\/index.php?rest_route=\/wp\/v2\/posts"}],"about":[{"href":"http:\/\/fmdelpueblo.ar\/index.php?rest_route=\/wp\/v2\/types\/post"}],"replies":[{"embeddable":true,"href":"http:\/\/fmdelpueblo.ar\/index.php?rest_route=%2Fwp%2Fv2%2Fcomments&post=51880"}],"version-history":[{"count":0,"href":"http:\/\/fmdelpueblo.ar\/index.php?rest_route=\/wp\/v2\/posts\/51880\/revisions"}],"wp:attachment":[{"href":"http:\/\/fmdelpueblo.ar\/index.php?rest_route=%2Fwp%2Fv2%2Fmedia&parent=51880"}],"wp:term":[{"taxonomy":"category","embeddable":true,"href":"http:\/\/fmdelpueblo.ar\/index.php?rest_route=%2Fwp%2Fv2%2Fcategories&post=51880"},{"taxonomy":"post_tag","embeddable":true,"href":"http:\/\/fmdelpueblo.ar\/index.php?rest_route=%2Fwp%2Fv2%2Ftags&post=51880"}],"curies":[{"name":"wp","href":"https:\/\/api.w.org\/{rel}","templated":true}]}}