{"id":51879,"date":"2026-09-06T09:08:57","date_gmt":"2026-09-06T12:08:57","guid":{"rendered":"http:\/\/fmdelpueblo.ar\/?p=51879"},"modified":"2026-09-06T09:08:57","modified_gmt":"2026-09-06T12:08:57","slug":"iran-advierte-que-intensificara-su-respuesta-a-los-ataques-de-eeuu","status":"publish","type":"post","link":"http:\/\/fmdelpueblo.ar\/?p=51879","title":{"rendered":"Ir\u00e1n advierte que intensificar\u00e1 su respuesta a los ataques de EEUU"},"content":{"rendered":"<p>Teher\u00e1n promete respuestas contundentes a las ofensivas de EE.UU., tras ataques a buques en Ormuz. La tensi\u00f3n en Medio Oriente sigue escalando.En L\u00edbano, bombardeos israel\u00edes dejaron cuatro muertos y 20 heridos. El conflicto regional se intensifica, afectando la estabilidad en varios frentes.<\/p>","protected":false},"excerpt":{"rendered":"<p>Teher\u00e1n promete respuestas contundentes a las ofensivas de EE.UU., tras ataques a buques en Ormuz. La tensi\u00f3n en Medio Oriente sigue escalando.En L\u00edbano, bombardeos israel\u00edes dejaron cuatro muertos y 20 heridos. El conflicto regional se intensifica, afectando la estabilidad en varios frentes.<\/p>\n","protected":false},"author":0,"featured_media":0,"comment_status":"","ping_status":"","sticky":false,"template":"","format":"standard","meta":{"footnotes":""},"categories":[1],"tags":[],"class_list":["post-51879","post","type-post","status-publish","format-standard","has-post-thumbnail","hentry","category-sin-categoria"],"_links":{"self":[{"href":"http:\/\/fmdelpueblo.ar\/index.php?rest_route=\/wp\/v2\/posts\/51879","targetHints":{"allow":["GET"]}}],"collection":[{"href":"http:\/\/fmdelpueblo.ar\/index.php?rest_route=\/wp\/v2\/posts"}],"about":[{"href":"http:\/\/fmdelpueblo.ar\/index.php?rest_route=\/wp\/v2\/types\/post"}],"replies":[{"embeddable":true,"href":"http:\/\/fmdelpueblo.ar\/index.php?rest_route=%2Fwp%2Fv2%2Fcomments&post=51879"}],"version-history":[{"count":0,"href":"http:\/\/fmdelpueblo.ar\/index.php?rest_route=\/wp\/v2\/posts\/51879\/revisions"}],"wp:attachment":[{"href":"http:\/\/fmdelpueblo.ar\/index.php?rest_route=%2Fwp%2Fv2%2Fmedia&parent=51879"}],"wp:term":[{"taxonomy":"category","embeddable":true,"href":"http:\/\/fmdelpueblo.ar\/index.php?rest_route=%2Fwp%2Fv2%2Fcategories&post=51879"},{"taxonomy":"post_tag","embeddable":true,"href":"http:\/\/fmdelpueblo.ar\/index.php?rest_route=%2Fwp%2Fv2%2Ftags&post=51879"}],"curies":[{"name":"wp","href":"https:\/\/api.w.org\/{rel}","templated":true}]}}