{"id":51876,"date":"2026-09-06T09:08:56","date_gmt":"2026-09-06T12:08:56","guid":{"rendered":"http:\/\/fmdelpueblo.ar\/?p=51876"},"modified":"2026-09-06T09:08:56","modified_gmt":"2026-09-06T12:08:56","slug":"la-primera-fotografia-de-la-historia-vuelve-a-francia-despues-de-200-anos","status":"publish","type":"post","link":"http:\/\/fmdelpueblo.ar\/?p=51876","title":{"rendered":"La primera fotograf\u00eda de la historia vuelve a Francia despu\u00e9s de 200 a\u00f1os"},"content":{"rendered":"<p>La imagen, realizada por el inventor e ingeniero Nic\u00e9phone Ni\u00e9pce, fue tomada en 1826.La fotograf\u00eda nunca fue patentada.<\/p>","protected":false},"excerpt":{"rendered":"<p>La imagen, realizada por el inventor e ingeniero Nic\u00e9phone Ni\u00e9pce, fue tomada en 1826.La fotograf\u00eda nunca fue patentada.<\/p>\n","protected":false},"author":0,"featured_media":0,"comment_status":"","ping_status":"","sticky":false,"template":"","format":"standard","meta":{"footnotes":""},"categories":[1],"tags":[],"class_list":["post-51876","post","type-post","status-publish","format-standard","has-post-thumbnail","hentry","category-sin-categoria"],"_links":{"self":[{"href":"http:\/\/fmdelpueblo.ar\/index.php?rest_route=\/wp\/v2\/posts\/51876","targetHints":{"allow":["GET"]}}],"collection":[{"href":"http:\/\/fmdelpueblo.ar\/index.php?rest_route=\/wp\/v2\/posts"}],"about":[{"href":"http:\/\/fmdelpueblo.ar\/index.php?rest_route=\/wp\/v2\/types\/post"}],"replies":[{"embeddable":true,"href":"http:\/\/fmdelpueblo.ar\/index.php?rest_route=%2Fwp%2Fv2%2Fcomments&post=51876"}],"version-history":[{"count":0,"href":"http:\/\/fmdelpueblo.ar\/index.php?rest_route=\/wp\/v2\/posts\/51876\/revisions"}],"wp:attachment":[{"href":"http:\/\/fmdelpueblo.ar\/index.php?rest_route=%2Fwp%2Fv2%2Fmedia&parent=51876"}],"wp:term":[{"taxonomy":"category","embeddable":true,"href":"http:\/\/fmdelpueblo.ar\/index.php?rest_route=%2Fwp%2Fv2%2Fcategories&post=51876"},{"taxonomy":"post_tag","embeddable":true,"href":"http:\/\/fmdelpueblo.ar\/index.php?rest_route=%2Fwp%2Fv2%2Ftags&post=51876"}],"curies":[{"name":"wp","href":"https:\/\/api.w.org\/{rel}","templated":true}]}}