{"id":51847,"date":"2026-09-06T05:09:16","date_gmt":"2026-09-06T08:09:16","guid":{"rendered":"https:\/\/fmdelpueblo.ar\/?p=51847"},"modified":"2026-09-06T05:09:16","modified_gmt":"2026-09-06T08:09:16","slug":"ian-mckellen-actor-de-87-anos-nadie-tiene-por-que-sentir-lastima-por-mi-ni-por-nadie-que-haya-sido-victima-del-exito","status":"publish","type":"post","link":"http:\/\/fmdelpueblo.ar\/?p=51847","title":{"rendered":"Ian McKellen, actor de 87 a\u00f1os: \u00abNadie tiene por qu\u00e9 sentir l\u00e1stima por m\u00ed ni por nadie que haya sido v\u00edctima del \u00e9xito\u00bb"},"content":{"rendered":"<p>El galardonado int\u00e9rprete ofrece una cita inspiradora sobre las dificultades, el \u00e9xito, las metas, la responsabilidad, la gratitud y la humildad.<\/p>","protected":false},"excerpt":{"rendered":"<p>El galardonado int\u00e9rprete ofrece una cita inspiradora sobre las dificultades, el \u00e9xito, las metas, la responsabilidad, la gratitud y la humildad.<\/p>\n","protected":false},"author":0,"featured_media":0,"comment_status":"","ping_status":"","sticky":false,"template":"","format":"standard","meta":{"footnotes":""},"categories":[1],"tags":[],"class_list":["post-51847","post","type-post","status-publish","format-standard","has-post-thumbnail","hentry","category-sin-categoria"],"_links":{"self":[{"href":"http:\/\/fmdelpueblo.ar\/index.php?rest_route=\/wp\/v2\/posts\/51847","targetHints":{"allow":["GET"]}}],"collection":[{"href":"http:\/\/fmdelpueblo.ar\/index.php?rest_route=\/wp\/v2\/posts"}],"about":[{"href":"http:\/\/fmdelpueblo.ar\/index.php?rest_route=\/wp\/v2\/types\/post"}],"replies":[{"embeddable":true,"href":"http:\/\/fmdelpueblo.ar\/index.php?rest_route=%2Fwp%2Fv2%2Fcomments&post=51847"}],"version-history":[{"count":0,"href":"http:\/\/fmdelpueblo.ar\/index.php?rest_route=\/wp\/v2\/posts\/51847\/revisions"}],"wp:attachment":[{"href":"http:\/\/fmdelpueblo.ar\/index.php?rest_route=%2Fwp%2Fv2%2Fmedia&parent=51847"}],"wp:term":[{"taxonomy":"category","embeddable":true,"href":"http:\/\/fmdelpueblo.ar\/index.php?rest_route=%2Fwp%2Fv2%2Fcategories&post=51847"},{"taxonomy":"post_tag","embeddable":true,"href":"http:\/\/fmdelpueblo.ar\/index.php?rest_route=%2Fwp%2Fv2%2Ftags&post=51847"}],"curies":[{"name":"wp","href":"https:\/\/api.w.org\/{rel}","templated":true}]}}