{"id":51839,"date":"2026-09-06T03:09:00","date_gmt":"2026-09-06T06:09:00","guid":{"rendered":"http:\/\/fmdelpueblo.ar\/?p=51839"},"modified":"2026-09-06T03:09:00","modified_gmt":"2026-09-06T06:09:00","slug":"la-sombra-de-donald-trump-el-giro-de-javier-millei-y-una-apuesta-de-alto-impacto-para-salir-del-encierro","status":"publish","type":"post","link":"http:\/\/fmdelpueblo.ar\/?p=51839","title":{"rendered":"La sombra de Donald Trump, el giro de Javier Millei y una apuesta de alto impacto para salir del encierro"},"content":{"rendered":"<p>La causa Malvinas despert\u00f3 movimientos impensados en el Gobierno. Qu\u00e9 hay detr\u00e1s, por qu\u00e9 el Presidente convoca a la oposici\u00f3n y cu\u00e1les son las principales especulaciones.<\/p>","protected":false},"excerpt":{"rendered":"<p>La causa Malvinas despert\u00f3 movimientos impensados en el Gobierno. Qu\u00e9 hay detr\u00e1s, por qu\u00e9 el Presidente convoca a la oposici\u00f3n y cu\u00e1les son las principales especulaciones.<\/p>\n","protected":false},"author":0,"featured_media":0,"comment_status":"","ping_status":"","sticky":false,"template":"","format":"standard","meta":{"footnotes":""},"categories":[1],"tags":[],"class_list":["post-51839","post","type-post","status-publish","format-standard","has-post-thumbnail","hentry","category-sin-categoria"],"_links":{"self":[{"href":"http:\/\/fmdelpueblo.ar\/index.php?rest_route=\/wp\/v2\/posts\/51839","targetHints":{"allow":["GET"]}}],"collection":[{"href":"http:\/\/fmdelpueblo.ar\/index.php?rest_route=\/wp\/v2\/posts"}],"about":[{"href":"http:\/\/fmdelpueblo.ar\/index.php?rest_route=\/wp\/v2\/types\/post"}],"replies":[{"embeddable":true,"href":"http:\/\/fmdelpueblo.ar\/index.php?rest_route=%2Fwp%2Fv2%2Fcomments&post=51839"}],"version-history":[{"count":0,"href":"http:\/\/fmdelpueblo.ar\/index.php?rest_route=\/wp\/v2\/posts\/51839\/revisions"}],"wp:attachment":[{"href":"http:\/\/fmdelpueblo.ar\/index.php?rest_route=%2Fwp%2Fv2%2Fmedia&parent=51839"}],"wp:term":[{"taxonomy":"category","embeddable":true,"href":"http:\/\/fmdelpueblo.ar\/index.php?rest_route=%2Fwp%2Fv2%2Fcategories&post=51839"},{"taxonomy":"post_tag","embeddable":true,"href":"http:\/\/fmdelpueblo.ar\/index.php?rest_route=%2Fwp%2Fv2%2Ftags&post=51839"}],"curies":[{"name":"wp","href":"https:\/\/api.w.org\/{rel}","templated":true}]}}